{"id":1,"date":"2021-04-15T11:41:41","date_gmt":"2021-04-15T14:41:41","guid":{"rendered":"https:\/\/afonte.org.br\/site\/?p=1"},"modified":"2021-10-09T08:30:09","modified_gmt":"2021-10-09T11:30:09","slug":"ola-mundo","status":"publish","type":"post","link":"https:\/\/afonte.org.br\/site\/ola-mundo\/","title":{"rendered":"Entendendo o c\u00e2ncer de mama em est\u00e1gio inicial"},"content":{"rendered":"\n<p>Quando falamos sobre c\u00e2ncer de mama, \u00e9 importante ter em mente que ele \u00e9 o tipo da doen\u00e7a mais incidente entre as mulheres no mundo, independentemente da condi\u00e7\u00e3o socioecon\u00f4mica do pa\u00eds.&nbsp;<\/p>\n\n\n\n<p>Apenas em 2020, foram 66 mil&nbsp; novos casos de c\u00e2ncer de mama no Brasil, segundo dados do INCA. Em 2019, a taxa de mortalidade foi de 16,4% no pa\u00eds. Mas o risco de mortalidade pode ser muito menor quando ocorre o<a href=\"https:\/\/www.femama.org.br\/site\/br\/cancer-de-mama\/interna\/meta-e-reduzir-tempo-para-a-deteccao-da-doenca\">&nbsp;diagn\u00f3stico precoce do c\u00e2ncer de mama<\/a>. De acordo com a mastologista Maira Caleffi, presidente da Federa\u00e7\u00e3o Brasileira de Institui\u00e7\u00f5es Filantr\u00f3picas de Apoio \u00e0 Sa\u00fade da Mama (Femama), h\u00e1 evid\u00eancias que apontam 95% de chance de cura em casos onde o c\u00e2ncer de mama \u00e9 diagnosticado em est\u00e1gio inicial.&nbsp;<\/p>\n\n\n\n<h2 class=\"wp-block-heading\">Como identificar o c\u00e2ncer de mama<\/h2>\n\n\n\n<p>Os sintomas do c\u00e2ncer de mama podem variar de acordo com o paciente, mas alguns sinais merecem aten\u00e7\u00e3o especial:&nbsp;<\/p>\n\n\n\n<ul class=\"wp-block-list\"><li>Incha\u00e7o ou vermelhid\u00e3o de toda ou parte de uma mama \u2014 mesmo que n\u00e3o se sinta um n\u00f3dulo;<\/li><li>N\u00f3dulo \u00fanico endurecido;<\/li><li>Irrita\u00e7\u00e3o ou abaulamento de uma parte da mama;<\/li><li>Dor na mama ou no mamilo;<\/li><li>Invers\u00e3o do mamilo;<\/li><li>Espessamento ou retra\u00e7\u00e3o da pele ou do mamilo;<\/li><li>Secre\u00e7\u00e3o sanguinolenta ou serosa sendo expelida pelos mamilos;<\/li><li>Linfonodos aumentados.<\/li><\/ul>\n\n\n\n<p>Para auxiliar no diagn\u00f3stico precoce do c\u00e2ncer de mama, \u00e9 essencial realizar os exames de rotina dentro dos intervalos recomendados, como a mamografia &#8211; anual a partir dos 40 anos &#8211; e ultrassom de mama &#8211; uma vez por ano a partir dos 25 anos. No SUS, infelizmente, o exame \u00e9 realizado em mulheres assintom\u00e1ticas somente a partir dos 50 anos, a cada dois anos, por isso \u00e9 muito importante ficar atenta a todos os sinais do corpo.&nbsp;<\/p>\n\n\n\n<p>\u00c9 imprescind\u00edvel que a mulher conhe\u00e7a suas mamas e saiba reconhecer altera\u00e7\u00f5es que venham a surgir. A melhor \u00e9poca do m\u00eas para a mulher que ainda menstrua realizar o autoconhecimento das mamas \u00e9 alguns dias ap\u00f3s a menstrua\u00e7\u00e3o, quando as mamas est\u00e3o menos inchadas. Para as mulheres que j\u00e1 entraram em menopausa, o autoconhecimento das mamas pode ser realizado em qualquer \u00e9poca do m\u00eas.&nbsp;<\/p>\n\n\n\n<p>A qualquer sinal de altera\u00e7\u00e3o, \u00e9 preciso procurar o servi\u00e7o de sa\u00fade mais pr\u00f3ximo imediatamente.<\/p>\n\n\n\n<h2 class=\"wp-block-heading\">Os est\u00e1gios iniciais do c\u00e2ncer de mama&nbsp;<\/h2>\n\n\n\n<p>O estadiamento ou est\u00e1gios do c\u00e2ncer de mama \u00e9 o processo usado para determinar a extens\u00e3o e gravidade da doen\u00e7a no organismo. Ou seja, quanto o tumor cresceu desde a localiza\u00e7\u00e3o de origem, se atingiu ou n\u00e3o outros \u00f3rg\u00e3os \u2014&nbsp; se houve comprometimento desses \u2014 e o quanto as c\u00e9lulas se parecem ou n\u00e3o com c\u00e9lulas normais.<\/p>\n\n\n\n<p>Esse processo de estadiamento \u00e9 feito ap\u00f3s a realiza\u00e7\u00e3o de alguns exames, como os de imagem, com raio-X, resson\u00e2ncia magn\u00e9tica, tomografia computadorizada e outros; ou por exames de laborat\u00f3rio e bi\u00f3psia das c\u00e9lulas afetadas.<\/p>\n\n\n\n<p>Em geral, o c\u00e2ncer de mama pode ser dividido em 5 principais est\u00e1gios, de 0 a 4, sendo o zero o mais inicial e menos perigoso, e os est\u00e1gios 3 e 4 os mais graves, conhecidos como c\u00e2ncer de mama localmente avan\u00e7ado e c\u00e2ncer de mama metast\u00e1tico, respectivamente.<\/p>\n\n\n\n<h3 class=\"wp-block-heading\">Est\u00e1gio 0 &#8211; C\u00e2ncer de mama in situ&nbsp;<\/h3>\n\n\n\n<p>\u00c9 considerado o c\u00e2ncer de mama em est\u00e1gio inicial mais precoce, e segundo a American Cancer Society (ACS), tamb\u00e9m \u00e9 chamado de carcinoma intraductal, carcinoma ductal in situ ou c\u00e2ncer n\u00e3o invasivo.&nbsp;<\/p>\n\n\n\n<p>Neste est\u00e1gio, os tumores s\u00e3o limitados aos ductos mam\u00e1rios. Apesar de poder se apresentar em uma ou em v\u00e1rias partes da mama, por estar dentro do ducto que se estende por toda a mama, este c\u00e2ncer de mama em est\u00e1gio inicial n\u00e3o entra em contato com os vasos presentes na gl\u00e2ndula mam\u00e1ria. Ou seja, ele n\u00e3o atinge&nbsp; outros \u00f3rg\u00e3os.&nbsp;<\/p>\n\n\n\n<p>Seu tratamento normalmente \u00e9 realizado por uma cirurgia na \u00e1rea comprometida e, em alguns casos, radioterapia e hormonioterapia.<\/p>\n\n\n\n<h3 class=\"wp-block-heading\">Est\u00e1gio 1 &#8211; C\u00e2ncer de mama em est\u00e1gio inicial&nbsp;<\/h3>\n\n\n\n<p>Normalmente o c\u00e2ncer ainda possui um crescimento lento e possui menos propens\u00e3o a&nbsp; atingir outros \u00f3rg\u00e3os .<\/p>\n\n\n\n<p>Apresenta tumores menores ou iguais a 2 cm que ainda se limitam \u00e0 mama, sem atingir os linfonodos. Com um diagn\u00f3stico realizado precocemente, as chances de cura s\u00e3o \u00f3timas e o paciente tende a responder bem ao tratamento.<\/p>\n\n\n\n<p>Aqui, as c\u00e9lulas cancer\u00edgenas ainda s\u00e3o bem diferenciadas com rela\u00e7\u00e3o \u00e0s c\u00e9lulas saud\u00e1veis, parecendo com o tecido mam\u00e1rio em seu estado normal.<\/p>\n\n\n\n<p>Neste caso, a cirurgia frequentemente \u00e9 o tratamento indicado, assim como a radioterapia em conjunto com a quimioterapia, ou ainda utilizar outros tratamentos ap\u00f3s a cirurgia.&nbsp;<\/p>\n\n\n\n<h3 class=\"wp-block-heading\">Est\u00e1gio 2 &#8211; C\u00e2ncer de mama em est\u00e1gio inicial&nbsp;<\/h3>\n\n\n\n<p>Aqui, pode significar tumores menores ou iguais a 2 cm, com linfonodos comprometidos, ou entre 2 e 5 cm, atingindo ou n\u00e3o os linfonodos, ou ainda tumores maiores do que 5 cm sem atingir os linfonodos.<\/p>\n\n\n\n<p>Ele ainda pode ser curado com certa facilidade, com os mesmos tratamentos indicados para o est\u00e1gio 1, apenas variando a intensidade e tempo de realiza\u00e7\u00e3o do processo.&nbsp;<\/p>\n\n\n\n<h2 class=\"wp-block-heading\">Est\u00e1gios avan\u00e7ados do c\u00e2ncer de mama<\/h2>\n\n\n\n<p>Ao atingir os est\u00e1gios 3 e 4, os c\u00e2nceres de mama j\u00e1 podem ser considerados avan\u00e7ados, mas possuem diferentes caracter\u00edsticas que devem ser conhecidas.&nbsp;<\/p>\n\n\n\n<p>O c\u00e2ncer de mama em est\u00e1gio 3 \u00e9 classificado como localmente avan\u00e7ado, o que significa que ele se espalhou para os n\u00f3dulos linf\u00e1ticos e\/ou outros tecidos da mama, mas n\u00e3o para outros locais do corpo. Normalmente ainda pode ser tratado das mesmas maneiras que aqueles casos em est\u00e1gio 1 e 2.<\/p>\n\n\n\n<p>J\u00e1 o c\u00e2ncer em est\u00e1gio 4, conhecido como c\u00e2ncer de mama metast\u00e1tico, caracteriza-se pela chegada&nbsp; de c\u00e9lulas com c\u00e2ncer em&nbsp; outros locais do corpo, como f\u00edgado, pulm\u00f5es, ossos, c\u00e9rebro e outros tecidos. Nesses casos, o paciente deve fazer uso de tratamentos que percorrem o corpo todo em busca de c\u00e9lulas comprometidas, conhecidos como terapias sist\u00eamicas \u2014 quimioterapia, imunoterapia, terapia hormonal ou terapia alvo.<\/p>\n\n\n\n<h2 class=\"wp-block-heading\">Cuidados di\u00e1rios em rela\u00e7\u00e3o&nbsp; ao c\u00e2ncer de mama<\/h2>\n\n\n\n<p>Olhar sempre com aten\u00e7\u00e3o para o pr\u00f3prio corpo, realizar os exames de rotina e o autoconhecimento da mama e do corpo \u00e9 essencial para identificar o c\u00e2ncer de mama em est\u00e1gio inicial. Manter os exames peri\u00f3dicos \u00e9 at\u00e9 mais importante, uma vez que tumores em est\u00e1gio inicial n\u00e3o s\u00e3o sentidos no toque, somente em exames de imagem. Assim, o tratamento possui uma maior probabilidade de assertividade e as chances de cura s\u00e3o muito maiores.&nbsp;<\/p>\n\n\n\n<p>Mantenha sua sa\u00fade em dia, realize as consultas de rotina e fique atenta a qualquer mudan\u00e7a nas mamas.<\/p>\n","protected":false},"excerpt":{"rendered":"<p>Quando falamos sobre c\u00e2ncer de mama, \u00e9 importante ter em mente que ele \u00e9 o tipo da doen\u00e7a mais incidente entre as mulheres no mundo, independentemente da condi\u00e7\u00e3o socioecon\u00f4mica do pa\u00eds.&nbsp; Apenas em 2020, foram 66 mil&nbsp; novos casos de c\u00e2ncer de mama no Brasil, segundo dados do INCA. Em 2019, a taxa de mortalidade [&hellip;]<\/p>\n","protected":false},"author":1,"featured_media":223,"comment_status":"open","ping_status":"open","sticky":false,"template":"","format":"standard","meta":{"footnotes":""},"categories":[1],"tags":[],"class_list":["post-1","post","type-post","status-publish","format-standard","has-post-thumbnail","hentry","category-noticias"],"yoast_head":"<!-- This site is optimized with the Yoast SEO plugin v26.4 - https:\/\/yoast.com\/wordpress\/plugins\/seo\/ -->\n<title>Entendendo o c\u00e2ncer de mama em est\u00e1gio inicial - Funda\u00e7\u00e3o Maria Carvalho Santos<\/title>\n<meta name=\"robots\" content=\"index, follow, max-snippet:-1, max-image-preview:large, max-video-preview:-1\" \/>\n<link rel=\"canonical\" href=\"https:\/\/afonte.org.br\/site\/ola-mundo\/\" \/>\n<meta property=\"og:locale\" content=\"pt_BR\" \/>\n<meta property=\"og:type\" content=\"article\" \/>\n<meta property=\"og:title\" content=\"Entendendo o c\u00e2ncer de mama em est\u00e1gio inicial - Funda\u00e7\u00e3o Maria Carvalho Santos\" \/>\n<meta property=\"og:description\" content=\"Quando falamos sobre c\u00e2ncer de mama, \u00e9 importante ter em mente que ele \u00e9 o tipo da doen\u00e7a mais incidente entre as mulheres no mundo, independentemente da condi\u00e7\u00e3o socioecon\u00f4mica do pa\u00eds.&nbsp; Apenas em 2020, foram 66 mil&nbsp; novos casos de c\u00e2ncer de mama no Brasil, segundo dados do INCA. Em 2019, a taxa de mortalidade [&hellip;]\" \/>\n<meta property=\"og:url\" content=\"https:\/\/afonte.org.br\/site\/ola-mundo\/\" \/>\n<meta property=\"og:site_name\" content=\"Funda\u00e7\u00e3o Maria Carvalho Santos\" \/>\n<meta property=\"article:publisher\" content=\"https:\/\/www.facebook.com\/fundacaomariacarvalhosantos\/\" \/>\n<meta property=\"article:published_time\" content=\"2021-04-15T14:41:41+00:00\" \/>\n<meta property=\"article:modified_time\" content=\"2021-10-09T11:30:09+00:00\" \/>\n<meta property=\"og:image\" content=\"https:\/\/afonte.org.br\/site\/wp-content\/uploads\/2021\/04\/6138e4a4322c0.webp\" \/>\n\t<meta property=\"og:image:width\" content=\"600\" \/>\n\t<meta property=\"og:image:height\" content=\"404\" \/>\n\t<meta property=\"og:image:type\" content=\"image\/webp\" \/>\n<meta name=\"author\" content=\"rogerbezerra\" \/>\n<meta name=\"twitter:card\" content=\"summary_large_image\" \/>\n<meta name=\"twitter:creator\" content=\"@fundacaomaria\" \/>\n<meta name=\"twitter:site\" content=\"@fundacaomaria\" \/>\n<meta name=\"twitter:label1\" content=\"Escrito por\" \/>\n\t<meta name=\"twitter:data1\" content=\"rogerbezerra\" \/>\n\t<meta name=\"twitter:label2\" content=\"Est. tempo de leitura\" \/>\n\t<meta name=\"twitter:data2\" content=\"6 minutos\" \/>\n<script type=\"application\/ld+json\" class=\"yoast-schema-graph\">{\"@context\":\"https:\/\/schema.org\",\"@graph\":[{\"@type\":\"Article\",\"@id\":\"https:\/\/afonte.org.br\/site\/ola-mundo\/#article\",\"isPartOf\":{\"@id\":\"https:\/\/afonte.org.br\/site\/ola-mundo\/\"},\"author\":{\"name\":\"rogerbezerra\",\"@id\":\"https:\/\/afonte.org.br\/site\/#\/schema\/person\/d5464c99acebd87d15901044d6a19b06\"},\"headline\":\"Entendendo o c\u00e2ncer de mama em est\u00e1gio inicial\",\"datePublished\":\"2021-04-15T14:41:41+00:00\",\"dateModified\":\"2021-10-09T11:30:09+00:00\",\"mainEntityOfPage\":{\"@id\":\"https:\/\/afonte.org.br\/site\/ola-mundo\/\"},\"wordCount\":1178,\"commentCount\":1,\"publisher\":{\"@id\":\"https:\/\/afonte.org.br\/site\/#organization\"},\"image\":{\"@id\":\"https:\/\/afonte.org.br\/site\/ola-mundo\/#primaryimage\"},\"thumbnailUrl\":\"https:\/\/afonte.org.br\/site\/wp-content\/uploads\/2021\/04\/6138e4a4322c0.webp\",\"articleSection\":[\"Not\u00edcias\"],\"inLanguage\":\"pt-BR\",\"potentialAction\":[{\"@type\":\"CommentAction\",\"name\":\"Comment\",\"target\":[\"https:\/\/afonte.org.br\/site\/ola-mundo\/#respond\"]}]},{\"@type\":\"WebPage\",\"@id\":\"https:\/\/afonte.org.br\/site\/ola-mundo\/\",\"url\":\"https:\/\/afonte.org.br\/site\/ola-mundo\/\",\"name\":\"Entendendo o c\u00e2ncer de mama em est\u00e1gio inicial - Funda\u00e7\u00e3o Maria Carvalho Santos\",\"isPartOf\":{\"@id\":\"https:\/\/afonte.org.br\/site\/#website\"},\"primaryImageOfPage\":{\"@id\":\"https:\/\/afonte.org.br\/site\/ola-mundo\/#primaryimage\"},\"image\":{\"@id\":\"https:\/\/afonte.org.br\/site\/ola-mundo\/#primaryimage\"},\"thumbnailUrl\":\"https:\/\/afonte.org.br\/site\/wp-content\/uploads\/2021\/04\/6138e4a4322c0.webp\",\"datePublished\":\"2021-04-15T14:41:41+00:00\",\"dateModified\":\"2021-10-09T11:30:09+00:00\",\"breadcrumb\":{\"@id\":\"https:\/\/afonte.org.br\/site\/ola-mundo\/#breadcrumb\"},\"inLanguage\":\"pt-BR\",\"potentialAction\":[{\"@type\":\"ReadAction\",\"target\":[\"https:\/\/afonte.org.br\/site\/ola-mundo\/\"]}]},{\"@type\":\"ImageObject\",\"inLanguage\":\"pt-BR\",\"@id\":\"https:\/\/afonte.org.br\/site\/ola-mundo\/#primaryimage\",\"url\":\"https:\/\/afonte.org.br\/site\/wp-content\/uploads\/2021\/04\/6138e4a4322c0.webp\",\"contentUrl\":\"https:\/\/afonte.org.br\/site\/wp-content\/uploads\/2021\/04\/6138e4a4322c0.webp\",\"width\":600,\"height\":404},{\"@type\":\"BreadcrumbList\",\"@id\":\"https:\/\/afonte.org.br\/site\/ola-mundo\/#breadcrumb\",\"itemListElement\":[{\"@type\":\"ListItem\",\"position\":1,\"name\":\"In\u00edcio\",\"item\":\"https:\/\/afonte.org.br\/site\/\"},{\"@type\":\"ListItem\",\"position\":2,\"name\":\"Entendendo o c\u00e2ncer de mama em est\u00e1gio inicial\"}]},{\"@type\":\"WebSite\",\"@id\":\"https:\/\/afonte.org.br\/site\/#website\",\"url\":\"https:\/\/afonte.org.br\/site\/\",\"name\":\"Funda\u00e7\u00e3o Maria Carvalho Santos\",\"description\":\"\u201cSe voc\u00ea tem c\u00e2ncer de mama, n\u00f3s ajudamos voc\u00ea, mas se voc\u00ea n\u00e3o tem, ajude a gente\u201d!\",\"publisher\":{\"@id\":\"https:\/\/afonte.org.br\/site\/#organization\"},\"potentialAction\":[{\"@type\":\"SearchAction\",\"target\":{\"@type\":\"EntryPoint\",\"urlTemplate\":\"https:\/\/afonte.org.br\/site\/?s={search_term_string}\"},\"query-input\":{\"@type\":\"PropertyValueSpecification\",\"valueRequired\":true,\"valueName\":\"search_term_string\"}}],\"inLanguage\":\"pt-BR\"},{\"@type\":\"Organization\",\"@id\":\"https:\/\/afonte.org.br\/site\/#organization\",\"name\":\"Funda\u00e7\u00e3o Maria Carvalho Santos\",\"url\":\"https:\/\/afonte.org.br\/site\/\",\"logo\":{\"@type\":\"ImageObject\",\"inLanguage\":\"pt-BR\",\"@id\":\"https:\/\/afonte.org.br\/site\/#\/schema\/logo\/image\/\",\"url\":\"https:\/\/afonte.org.br\/site\/wp-content\/uploads\/2021\/10\/logomarca_fundacao2.fw_.png\",\"contentUrl\":\"https:\/\/afonte.org.br\/site\/wp-content\/uploads\/2021\/10\/logomarca_fundacao2.fw_.png\",\"width\":200,\"height\":73,\"caption\":\"Funda\u00e7\u00e3o Maria Carvalho Santos\"},\"image\":{\"@id\":\"https:\/\/afonte.org.br\/site\/#\/schema\/logo\/image\/\"},\"sameAs\":[\"https:\/\/www.facebook.com\/fundacaomariacarvalhosantos\/\",\"https:\/\/x.com\/fundacaomaria\",\"https:\/\/www.instagram.com\/fundacaomariacarvalho\/?hl=pt-br\",\"https:\/\/www.youtube.com\/channel\/UCThs6_9MYv6ms6ciEHDKXrA\"]},{\"@type\":\"Person\",\"@id\":\"https:\/\/afonte.org.br\/site\/#\/schema\/person\/d5464c99acebd87d15901044d6a19b06\",\"name\":\"rogerbezerra\",\"image\":{\"@type\":\"ImageObject\",\"inLanguage\":\"pt-BR\",\"@id\":\"https:\/\/afonte.org.br\/site\/#\/schema\/person\/image\/\",\"url\":\"https:\/\/secure.gravatar.com\/avatar\/3d1043775cda1d91d725491548f9b3a0909638e5fcbd418ee6b285ebfaa2ae59?s=96&d=mm&r=g\",\"contentUrl\":\"https:\/\/secure.gravatar.com\/avatar\/3d1043775cda1d91d725491548f9b3a0909638e5fcbd418ee6b285ebfaa2ae59?s=96&d=mm&r=g\",\"caption\":\"rogerbezerra\"},\"sameAs\":[\"https:\/\/afonte.org.br\/site\"],\"url\":\"https:\/\/afonte.org.br\/site\/author\/rogerbezerra\/\"}]}<\/script>\n<!-- \/ Yoast SEO plugin. -->","yoast_head_json":{"title":"Entendendo o c\u00e2ncer de mama em est\u00e1gio inicial - Funda\u00e7\u00e3o Maria Carvalho Santos","robots":{"index":"index","follow":"follow","max-snippet":"max-snippet:-1","max-image-preview":"max-image-preview:large","max-video-preview":"max-video-preview:-1"},"canonical":"https:\/\/afonte.org.br\/site\/ola-mundo\/","og_locale":"pt_BR","og_type":"article","og_title":"Entendendo o c\u00e2ncer de mama em est\u00e1gio inicial - Funda\u00e7\u00e3o Maria Carvalho Santos","og_description":"Quando falamos sobre c\u00e2ncer de mama, \u00e9 importante ter em mente que ele \u00e9 o tipo da doen\u00e7a mais incidente entre as mulheres no mundo, independentemente da condi\u00e7\u00e3o socioecon\u00f4mica do pa\u00eds.&nbsp; Apenas em 2020, foram 66 mil&nbsp; novos casos de c\u00e2ncer de mama no Brasil, segundo dados do INCA. Em 2019, a taxa de mortalidade [&hellip;]","og_url":"https:\/\/afonte.org.br\/site\/ola-mundo\/","og_site_name":"Funda\u00e7\u00e3o Maria Carvalho Santos","article_publisher":"https:\/\/www.facebook.com\/fundacaomariacarvalhosantos\/","article_published_time":"2021-04-15T14:41:41+00:00","article_modified_time":"2021-10-09T11:30:09+00:00","og_image":[{"width":600,"height":404,"url":"https:\/\/afonte.org.br\/site\/wp-content\/uploads\/2021\/04\/6138e4a4322c0.webp","type":"image\/webp"}],"author":"rogerbezerra","twitter_card":"summary_large_image","twitter_creator":"@fundacaomaria","twitter_site":"@fundacaomaria","twitter_misc":{"Escrito por":"rogerbezerra","Est. tempo de leitura":"6 minutos"},"schema":{"@context":"https:\/\/schema.org","@graph":[{"@type":"Article","@id":"https:\/\/afonte.org.br\/site\/ola-mundo\/#article","isPartOf":{"@id":"https:\/\/afonte.org.br\/site\/ola-mundo\/"},"author":{"name":"rogerbezerra","@id":"https:\/\/afonte.org.br\/site\/#\/schema\/person\/d5464c99acebd87d15901044d6a19b06"},"headline":"Entendendo o c\u00e2ncer de mama em est\u00e1gio inicial","datePublished":"2021-04-15T14:41:41+00:00","dateModified":"2021-10-09T11:30:09+00:00","mainEntityOfPage":{"@id":"https:\/\/afonte.org.br\/site\/ola-mundo\/"},"wordCount":1178,"commentCount":1,"publisher":{"@id":"https:\/\/afonte.org.br\/site\/#organization"},"image":{"@id":"https:\/\/afonte.org.br\/site\/ola-mundo\/#primaryimage"},"thumbnailUrl":"https:\/\/afonte.org.br\/site\/wp-content\/uploads\/2021\/04\/6138e4a4322c0.webp","articleSection":["Not\u00edcias"],"inLanguage":"pt-BR","potentialAction":[{"@type":"CommentAction","name":"Comment","target":["https:\/\/afonte.org.br\/site\/ola-mundo\/#respond"]}]},{"@type":"WebPage","@id":"https:\/\/afonte.org.br\/site\/ola-mundo\/","url":"https:\/\/afonte.org.br\/site\/ola-mundo\/","name":"Entendendo o c\u00e2ncer de mama em est\u00e1gio inicial - Funda\u00e7\u00e3o Maria Carvalho Santos","isPartOf":{"@id":"https:\/\/afonte.org.br\/site\/#website"},"primaryImageOfPage":{"@id":"https:\/\/afonte.org.br\/site\/ola-mundo\/#primaryimage"},"image":{"@id":"https:\/\/afonte.org.br\/site\/ola-mundo\/#primaryimage"},"thumbnailUrl":"https:\/\/afonte.org.br\/site\/wp-content\/uploads\/2021\/04\/6138e4a4322c0.webp","datePublished":"2021-04-15T14:41:41+00:00","dateModified":"2021-10-09T11:30:09+00:00","breadcrumb":{"@id":"https:\/\/afonte.org.br\/site\/ola-mundo\/#breadcrumb"},"inLanguage":"pt-BR","potentialAction":[{"@type":"ReadAction","target":["https:\/\/afonte.org.br\/site\/ola-mundo\/"]}]},{"@type":"ImageObject","inLanguage":"pt-BR","@id":"https:\/\/afonte.org.br\/site\/ola-mundo\/#primaryimage","url":"https:\/\/afonte.org.br\/site\/wp-content\/uploads\/2021\/04\/6138e4a4322c0.webp","contentUrl":"https:\/\/afonte.org.br\/site\/wp-content\/uploads\/2021\/04\/6138e4a4322c0.webp","width":600,"height":404},{"@type":"BreadcrumbList","@id":"https:\/\/afonte.org.br\/site\/ola-mundo\/#breadcrumb","itemListElement":[{"@type":"ListItem","position":1,"name":"In\u00edcio","item":"https:\/\/afonte.org.br\/site\/"},{"@type":"ListItem","position":2,"name":"Entendendo o c\u00e2ncer de mama em est\u00e1gio inicial"}]},{"@type":"WebSite","@id":"https:\/\/afonte.org.br\/site\/#website","url":"https:\/\/afonte.org.br\/site\/","name":"Funda\u00e7\u00e3o Maria Carvalho Santos","description":"\u201cSe voc\u00ea tem c\u00e2ncer de mama, n\u00f3s ajudamos voc\u00ea, mas se voc\u00ea n\u00e3o tem, ajude a gente\u201d!","publisher":{"@id":"https:\/\/afonte.org.br\/site\/#organization"},"potentialAction":[{"@type":"SearchAction","target":{"@type":"EntryPoint","urlTemplate":"https:\/\/afonte.org.br\/site\/?s={search_term_string}"},"query-input":{"@type":"PropertyValueSpecification","valueRequired":true,"valueName":"search_term_string"}}],"inLanguage":"pt-BR"},{"@type":"Organization","@id":"https:\/\/afonte.org.br\/site\/#organization","name":"Funda\u00e7\u00e3o Maria Carvalho Santos","url":"https:\/\/afonte.org.br\/site\/","logo":{"@type":"ImageObject","inLanguage":"pt-BR","@id":"https:\/\/afonte.org.br\/site\/#\/schema\/logo\/image\/","url":"https:\/\/afonte.org.br\/site\/wp-content\/uploads\/2021\/10\/logomarca_fundacao2.fw_.png","contentUrl":"https:\/\/afonte.org.br\/site\/wp-content\/uploads\/2021\/10\/logomarca_fundacao2.fw_.png","width":200,"height":73,"caption":"Funda\u00e7\u00e3o Maria Carvalho Santos"},"image":{"@id":"https:\/\/afonte.org.br\/site\/#\/schema\/logo\/image\/"},"sameAs":["https:\/\/www.facebook.com\/fundacaomariacarvalhosantos\/","https:\/\/x.com\/fundacaomaria","https:\/\/www.instagram.com\/fundacaomariacarvalho\/?hl=pt-br","https:\/\/www.youtube.com\/channel\/UCThs6_9MYv6ms6ciEHDKXrA"]},{"@type":"Person","@id":"https:\/\/afonte.org.br\/site\/#\/schema\/person\/d5464c99acebd87d15901044d6a19b06","name":"rogerbezerra","image":{"@type":"ImageObject","inLanguage":"pt-BR","@id":"https:\/\/afonte.org.br\/site\/#\/schema\/person\/image\/","url":"https:\/\/secure.gravatar.com\/avatar\/3d1043775cda1d91d725491548f9b3a0909638e5fcbd418ee6b285ebfaa2ae59?s=96&d=mm&r=g","contentUrl":"https:\/\/secure.gravatar.com\/avatar\/3d1043775cda1d91d725491548f9b3a0909638e5fcbd418ee6b285ebfaa2ae59?s=96&d=mm&r=g","caption":"rogerbezerra"},"sameAs":["https:\/\/afonte.org.br\/site"],"url":"https:\/\/afonte.org.br\/site\/author\/rogerbezerra\/"}]}},"_links":{"self":[{"href":"https:\/\/afonte.org.br\/site\/wp-json\/wp\/v2\/posts\/1","targetHints":{"allow":["GET"]}}],"collection":[{"href":"https:\/\/afonte.org.br\/site\/wp-json\/wp\/v2\/posts"}],"about":[{"href":"https:\/\/afonte.org.br\/site\/wp-json\/wp\/v2\/types\/post"}],"author":[{"embeddable":true,"href":"https:\/\/afonte.org.br\/site\/wp-json\/wp\/v2\/users\/1"}],"replies":[{"embeddable":true,"href":"https:\/\/afonte.org.br\/site\/wp-json\/wp\/v2\/comments?post=1"}],"version-history":[{"count":2,"href":"https:\/\/afonte.org.br\/site\/wp-json\/wp\/v2\/posts\/1\/revisions"}],"predecessor-version":[{"id":224,"href":"https:\/\/afonte.org.br\/site\/wp-json\/wp\/v2\/posts\/1\/revisions\/224"}],"wp:featuredmedia":[{"embeddable":true,"href":"https:\/\/afonte.org.br\/site\/wp-json\/wp\/v2\/media\/223"}],"wp:attachment":[{"href":"https:\/\/afonte.org.br\/site\/wp-json\/wp\/v2\/media?parent=1"}],"wp:term":[{"taxonomy":"category","embeddable":true,"href":"https:\/\/afonte.org.br\/site\/wp-json\/wp\/v2\/categories?post=1"},{"taxonomy":"post_tag","embeddable":true,"href":"https:\/\/afonte.org.br\/site\/wp-json\/wp\/v2\/tags?post=1"}],"curies":[{"name":"wp","href":"https:\/\/api.w.org\/{rel}","templated":true}]}}