{"id":1729,"date":"2023-07-04T08:55:00","date_gmt":"2023-07-04T11:55:00","guid":{"rendered":"https:\/\/afonte.org.br\/site\/?p=1729"},"modified":"2023-07-07T10:03:55","modified_gmt":"2023-07-07T13:03:55","slug":"dr-luiz-ayrton-santos-junior-e-eleito-o-novo-presidente-da-femama-fortalecendo-a-luta-contra-o-cancer-de-mama-no-brasil","status":"publish","type":"post","link":"https:\/\/afonte.org.br\/site\/dr-luiz-ayrton-santos-junior-e-eleito-o-novo-presidente-da-femama-fortalecendo-a-luta-contra-o-cancer-de-mama-no-brasil\/","title":{"rendered":"Dr. Luiz Ayrton Santos Junior \u00e9 eleito o novo presidente da FEMAMA, fortalecendo a luta contra o c\u00e2ncer de mama no Brasil."},"content":{"rendered":"\n<p>A luta contra o c\u00e2ncer de mama ganhou um importante refor\u00e7o no Brasil com a elei\u00e7\u00e3o do renomado mastologista Dr. Luiz Ayrton Santos Junior, do Piau\u00ed, como o novo presidente da Federa\u00e7\u00e3o Brasileira de Institui\u00e7\u00f5es Filantr\u00f3picas pela Sa\u00fade da Mama (FEMAMA). A FEMAMA \u00e9 uma organiza\u00e7\u00e3o que re\u00fane ONGs brasileiras engajadas na causa do c\u00e2ncer de mama, trabalhando em prol da conscientiza\u00e7\u00e3o, preven\u00e7\u00e3o, diagn\u00f3stico precoce e tratamento adequado dessa doen\u00e7a que afeta milhares de mulheres em todo o pa\u00eds.<\/p>\n\n\n\n<p>Com vasta experi\u00eancia na \u00e1rea da mastologia, Dr. Luiz Ayrton Santos Junior tem se destacado como um profissional dedicado e comprometido com o cuidado das pacientes de c\u00e2ncer de mama. Sua elei\u00e7\u00e3o para a presid\u00eancia da FEMAMA \u00e9 um reconhecimento de sua compet\u00eancia e contribui\u00e7\u00e3o na \u00e1rea da sa\u00fade mam\u00e1ria.<\/p>\n\n\n\n<p>A FEMAMA desempenha um papel fundamental no apoio e fortalecimento das ONGs brasileiras que atuam na luta contra o c\u00e2ncer de mama. A federa\u00e7\u00e3o busca promover a uni\u00e3o dessas institui\u00e7\u00f5es, bem como represent\u00e1-las em \u00e2mbito nacional, para defender os direitos das pacientes, influenciar pol\u00edticas p\u00fablicas e desenvolver a\u00e7\u00f5es que visam melhorar a qualidade de vida das pessoas afetadas pelo c\u00e2ncer de mama.<\/p>\n\n\n\n<p><\/p>\n","protected":false},"excerpt":{"rendered":"<p>Renomado mastologista piauiense assume a presid\u00eancia da Federa\u00e7\u00e3o Brasileira de Institui\u00e7\u00f5es Filantr\u00f3picas pela Sa\u00fade da Mama (FEMAMA), unindo esfor\u00e7os na causa do c\u00e2ncer de mama.<\/p>\n","protected":false},"author":1,"featured_media":1730,"comment_status":"open","ping_status":"open","sticky":false,"template":"","format":"standard","meta":{"footnotes":""},"categories":[1],"tags":[],"class_list":["post-1729","post","type-post","status-publish","format-standard","has-post-thumbnail","hentry","category-noticias"],"yoast_head":"<!-- This site is optimized with the Yoast SEO plugin v26.4 - https:\/\/yoast.com\/wordpress\/plugins\/seo\/ -->\n<title>Dr. Luiz Ayrton Santos Junior \u00e9 eleito o novo presidente da FEMAMA, fortalecendo a luta contra o c\u00e2ncer de mama no Brasil. - Funda\u00e7\u00e3o Maria Carvalho Santos<\/title>\n<meta name=\"robots\" content=\"index, follow, max-snippet:-1, max-image-preview:large, max-video-preview:-1\" \/>\n<link rel=\"canonical\" href=\"https:\/\/afonte.org.br\/site\/dr-luiz-ayrton-santos-junior-e-eleito-o-novo-presidente-da-femama-fortalecendo-a-luta-contra-o-cancer-de-mama-no-brasil\/\" \/>\n<meta property=\"og:locale\" content=\"pt_BR\" \/>\n<meta property=\"og:type\" content=\"article\" \/>\n<meta property=\"og:title\" content=\"Dr. Luiz Ayrton Santos Junior \u00e9 eleito o novo presidente da FEMAMA, fortalecendo a luta contra o c\u00e2ncer de mama no Brasil. - Funda\u00e7\u00e3o Maria Carvalho Santos\" \/>\n<meta property=\"og:description\" content=\"Renomado mastologista piauiense assume a presid\u00eancia da Federa\u00e7\u00e3o Brasileira de Institui\u00e7\u00f5es Filantr\u00f3picas pela Sa\u00fade da Mama (FEMAMA), unindo esfor\u00e7os na causa do c\u00e2ncer de mama.\" \/>\n<meta property=\"og:url\" content=\"https:\/\/afonte.org.br\/site\/dr-luiz-ayrton-santos-junior-e-eleito-o-novo-presidente-da-femama-fortalecendo-a-luta-contra-o-cancer-de-mama-no-brasil\/\" \/>\n<meta property=\"og:site_name\" content=\"Funda\u00e7\u00e3o Maria Carvalho Santos\" \/>\n<meta property=\"article:publisher\" content=\"https:\/\/www.facebook.com\/fundacaomariacarvalhosantos\/\" \/>\n<meta property=\"article:published_time\" content=\"2023-07-04T11:55:00+00:00\" \/>\n<meta property=\"article:modified_time\" content=\"2023-07-07T13:03:55+00:00\" \/>\n<meta property=\"og:image\" content=\"https:\/\/afonte.org.br\/site\/wp-content\/uploads\/2023\/07\/356818334_665152858984839_7369483562498305591_n.jpg\" \/>\n\t<meta property=\"og:image:width\" content=\"811\" \/>\n\t<meta property=\"og:image:height\" content=\"540\" \/>\n\t<meta property=\"og:image:type\" content=\"image\/jpeg\" \/>\n<meta name=\"author\" content=\"rogerbezerra\" \/>\n<meta name=\"twitter:card\" content=\"summary_large_image\" \/>\n<meta name=\"twitter:creator\" content=\"@fundacaomaria\" \/>\n<meta name=\"twitter:site\" content=\"@fundacaomaria\" \/>\n<meta name=\"twitter:label1\" content=\"Escrito por\" \/>\n\t<meta name=\"twitter:data1\" content=\"rogerbezerra\" \/>\n\t<meta name=\"twitter:label2\" content=\"Est. tempo de leitura\" \/>\n\t<meta name=\"twitter:data2\" content=\"1 minuto\" \/>\n<script type=\"application\/ld+json\" class=\"yoast-schema-graph\">{\"@context\":\"https:\/\/schema.org\",\"@graph\":[{\"@type\":\"Article\",\"@id\":\"https:\/\/afonte.org.br\/site\/dr-luiz-ayrton-santos-junior-e-eleito-o-novo-presidente-da-femama-fortalecendo-a-luta-contra-o-cancer-de-mama-no-brasil\/#article\",\"isPartOf\":{\"@id\":\"https:\/\/afonte.org.br\/site\/dr-luiz-ayrton-santos-junior-e-eleito-o-novo-presidente-da-femama-fortalecendo-a-luta-contra-o-cancer-de-mama-no-brasil\/\"},\"author\":{\"name\":\"rogerbezerra\",\"@id\":\"https:\/\/afonte.org.br\/site\/#\/schema\/person\/d5464c99acebd87d15901044d6a19b06\"},\"headline\":\"Dr. Luiz Ayrton Santos Junior \u00e9 eleito o novo presidente da FEMAMA, fortalecendo a luta contra o c\u00e2ncer de mama no Brasil.\",\"datePublished\":\"2023-07-04T11:55:00+00:00\",\"dateModified\":\"2023-07-07T13:03:55+00:00\",\"mainEntityOfPage\":{\"@id\":\"https:\/\/afonte.org.br\/site\/dr-luiz-ayrton-santos-junior-e-eleito-o-novo-presidente-da-femama-fortalecendo-a-luta-contra-o-cancer-de-mama-no-brasil\/\"},\"wordCount\":243,\"commentCount\":0,\"publisher\":{\"@id\":\"https:\/\/afonte.org.br\/site\/#organization\"},\"image\":{\"@id\":\"https:\/\/afonte.org.br\/site\/dr-luiz-ayrton-santos-junior-e-eleito-o-novo-presidente-da-femama-fortalecendo-a-luta-contra-o-cancer-de-mama-no-brasil\/#primaryimage\"},\"thumbnailUrl\":\"https:\/\/afonte.org.br\/site\/wp-content\/uploads\/2023\/07\/356818334_665152858984839_7369483562498305591_n.jpg\",\"articleSection\":[\"Not\u00edcias\"],\"inLanguage\":\"pt-BR\",\"potentialAction\":[{\"@type\":\"CommentAction\",\"name\":\"Comment\",\"target\":[\"https:\/\/afonte.org.br\/site\/dr-luiz-ayrton-santos-junior-e-eleito-o-novo-presidente-da-femama-fortalecendo-a-luta-contra-o-cancer-de-mama-no-brasil\/#respond\"]}]},{\"@type\":\"WebPage\",\"@id\":\"https:\/\/afonte.org.br\/site\/dr-luiz-ayrton-santos-junior-e-eleito-o-novo-presidente-da-femama-fortalecendo-a-luta-contra-o-cancer-de-mama-no-brasil\/\",\"url\":\"https:\/\/afonte.org.br\/site\/dr-luiz-ayrton-santos-junior-e-eleito-o-novo-presidente-da-femama-fortalecendo-a-luta-contra-o-cancer-de-mama-no-brasil\/\",\"name\":\"Dr. Luiz Ayrton Santos Junior \u00e9 eleito o novo presidente da FEMAMA, fortalecendo a luta contra o c\u00e2ncer de mama no Brasil. - Funda\u00e7\u00e3o Maria Carvalho Santos\",\"isPartOf\":{\"@id\":\"https:\/\/afonte.org.br\/site\/#website\"},\"primaryImageOfPage\":{\"@id\":\"https:\/\/afonte.org.br\/site\/dr-luiz-ayrton-santos-junior-e-eleito-o-novo-presidente-da-femama-fortalecendo-a-luta-contra-o-cancer-de-mama-no-brasil\/#primaryimage\"},\"image\":{\"@id\":\"https:\/\/afonte.org.br\/site\/dr-luiz-ayrton-santos-junior-e-eleito-o-novo-presidente-da-femama-fortalecendo-a-luta-contra-o-cancer-de-mama-no-brasil\/#primaryimage\"},\"thumbnailUrl\":\"https:\/\/afonte.org.br\/site\/wp-content\/uploads\/2023\/07\/356818334_665152858984839_7369483562498305591_n.jpg\",\"datePublished\":\"2023-07-04T11:55:00+00:00\",\"dateModified\":\"2023-07-07T13:03:55+00:00\",\"breadcrumb\":{\"@id\":\"https:\/\/afonte.org.br\/site\/dr-luiz-ayrton-santos-junior-e-eleito-o-novo-presidente-da-femama-fortalecendo-a-luta-contra-o-cancer-de-mama-no-brasil\/#breadcrumb\"},\"inLanguage\":\"pt-BR\",\"potentialAction\":[{\"@type\":\"ReadAction\",\"target\":[\"https:\/\/afonte.org.br\/site\/dr-luiz-ayrton-santos-junior-e-eleito-o-novo-presidente-da-femama-fortalecendo-a-luta-contra-o-cancer-de-mama-no-brasil\/\"]}]},{\"@type\":\"ImageObject\",\"inLanguage\":\"pt-BR\",\"@id\":\"https:\/\/afonte.org.br\/site\/dr-luiz-ayrton-santos-junior-e-eleito-o-novo-presidente-da-femama-fortalecendo-a-luta-contra-o-cancer-de-mama-no-brasil\/#primaryimage\",\"url\":\"https:\/\/afonte.org.br\/site\/wp-content\/uploads\/2023\/07\/356818334_665152858984839_7369483562498305591_n.jpg\",\"contentUrl\":\"https:\/\/afonte.org.br\/site\/wp-content\/uploads\/2023\/07\/356818334_665152858984839_7369483562498305591_n.jpg\",\"width\":811,\"height\":540,\"caption\":\"Dr. Luiz Ayrton Santos Junior\"},{\"@type\":\"BreadcrumbList\",\"@id\":\"https:\/\/afonte.org.br\/site\/dr-luiz-ayrton-santos-junior-e-eleito-o-novo-presidente-da-femama-fortalecendo-a-luta-contra-o-cancer-de-mama-no-brasil\/#breadcrumb\",\"itemListElement\":[{\"@type\":\"ListItem\",\"position\":1,\"name\":\"In\u00edcio\",\"item\":\"https:\/\/afonte.org.br\/site\/\"},{\"@type\":\"ListItem\",\"position\":2,\"name\":\"Dr. Luiz Ayrton Santos Junior \u00e9 eleito o novo presidente da FEMAMA, fortalecendo a luta contra o c\u00e2ncer de mama no Brasil.\"}]},{\"@type\":\"WebSite\",\"@id\":\"https:\/\/afonte.org.br\/site\/#website\",\"url\":\"https:\/\/afonte.org.br\/site\/\",\"name\":\"Funda\u00e7\u00e3o Maria Carvalho Santos\",\"description\":\"\u201cSe voc\u00ea tem c\u00e2ncer de mama, n\u00f3s ajudamos voc\u00ea, mas se voc\u00ea n\u00e3o tem, ajude a gente\u201d!\",\"publisher\":{\"@id\":\"https:\/\/afonte.org.br\/site\/#organization\"},\"potentialAction\":[{\"@type\":\"SearchAction\",\"target\":{\"@type\":\"EntryPoint\",\"urlTemplate\":\"https:\/\/afonte.org.br\/site\/?s={search_term_string}\"},\"query-input\":{\"@type\":\"PropertyValueSpecification\",\"valueRequired\":true,\"valueName\":\"search_term_string\"}}],\"inLanguage\":\"pt-BR\"},{\"@type\":\"Organization\",\"@id\":\"https:\/\/afonte.org.br\/site\/#organization\",\"name\":\"Funda\u00e7\u00e3o Maria Carvalho Santos\",\"url\":\"https:\/\/afonte.org.br\/site\/\",\"logo\":{\"@type\":\"ImageObject\",\"inLanguage\":\"pt-BR\",\"@id\":\"https:\/\/afonte.org.br\/site\/#\/schema\/logo\/image\/\",\"url\":\"https:\/\/afonte.org.br\/site\/wp-content\/uploads\/2021\/10\/logomarca_fundacao2.fw_.png\",\"contentUrl\":\"https:\/\/afonte.org.br\/site\/wp-content\/uploads\/2021\/10\/logomarca_fundacao2.fw_.png\",\"width\":200,\"height\":73,\"caption\":\"Funda\u00e7\u00e3o Maria Carvalho Santos\"},\"image\":{\"@id\":\"https:\/\/afonte.org.br\/site\/#\/schema\/logo\/image\/\"},\"sameAs\":[\"https:\/\/www.facebook.com\/fundacaomariacarvalhosantos\/\",\"https:\/\/x.com\/fundacaomaria\",\"https:\/\/www.instagram.com\/fundacaomariacarvalho\/?hl=pt-br\",\"https:\/\/www.youtube.com\/channel\/UCThs6_9MYv6ms6ciEHDKXrA\"]},{\"@type\":\"Person\",\"@id\":\"https:\/\/afonte.org.br\/site\/#\/schema\/person\/d5464c99acebd87d15901044d6a19b06\",\"name\":\"rogerbezerra\",\"image\":{\"@type\":\"ImageObject\",\"inLanguage\":\"pt-BR\",\"@id\":\"https:\/\/afonte.org.br\/site\/#\/schema\/person\/image\/\",\"url\":\"https:\/\/secure.gravatar.com\/avatar\/3d1043775cda1d91d725491548f9b3a0909638e5fcbd418ee6b285ebfaa2ae59?s=96&d=mm&r=g\",\"contentUrl\":\"https:\/\/secure.gravatar.com\/avatar\/3d1043775cda1d91d725491548f9b3a0909638e5fcbd418ee6b285ebfaa2ae59?s=96&d=mm&r=g\",\"caption\":\"rogerbezerra\"},\"sameAs\":[\"https:\/\/afonte.org.br\/site\"],\"url\":\"https:\/\/afonte.org.br\/site\/author\/rogerbezerra\/\"}]}<\/script>\n<!-- \/ Yoast SEO plugin. -->","yoast_head_json":{"title":"Dr. Luiz Ayrton Santos Junior \u00e9 eleito o novo presidente da FEMAMA, fortalecendo a luta contra o c\u00e2ncer de mama no Brasil. - Funda\u00e7\u00e3o Maria Carvalho Santos","robots":{"index":"index","follow":"follow","max-snippet":"max-snippet:-1","max-image-preview":"max-image-preview:large","max-video-preview":"max-video-preview:-1"},"canonical":"https:\/\/afonte.org.br\/site\/dr-luiz-ayrton-santos-junior-e-eleito-o-novo-presidente-da-femama-fortalecendo-a-luta-contra-o-cancer-de-mama-no-brasil\/","og_locale":"pt_BR","og_type":"article","og_title":"Dr. Luiz Ayrton Santos Junior \u00e9 eleito o novo presidente da FEMAMA, fortalecendo a luta contra o c\u00e2ncer de mama no Brasil. - Funda\u00e7\u00e3o Maria Carvalho Santos","og_description":"Renomado mastologista piauiense assume a presid\u00eancia da Federa\u00e7\u00e3o Brasileira de Institui\u00e7\u00f5es Filantr\u00f3picas pela Sa\u00fade da Mama (FEMAMA), unindo esfor\u00e7os na causa do c\u00e2ncer de mama.","og_url":"https:\/\/afonte.org.br\/site\/dr-luiz-ayrton-santos-junior-e-eleito-o-novo-presidente-da-femama-fortalecendo-a-luta-contra-o-cancer-de-mama-no-brasil\/","og_site_name":"Funda\u00e7\u00e3o Maria Carvalho Santos","article_publisher":"https:\/\/www.facebook.com\/fundacaomariacarvalhosantos\/","article_published_time":"2023-07-04T11:55:00+00:00","article_modified_time":"2023-07-07T13:03:55+00:00","og_image":[{"width":811,"height":540,"url":"https:\/\/afonte.org.br\/site\/wp-content\/uploads\/2023\/07\/356818334_665152858984839_7369483562498305591_n.jpg","type":"image\/jpeg"}],"author":"rogerbezerra","twitter_card":"summary_large_image","twitter_creator":"@fundacaomaria","twitter_site":"@fundacaomaria","twitter_misc":{"Escrito por":"rogerbezerra","Est. tempo de leitura":"1 minuto"},"schema":{"@context":"https:\/\/schema.org","@graph":[{"@type":"Article","@id":"https:\/\/afonte.org.br\/site\/dr-luiz-ayrton-santos-junior-e-eleito-o-novo-presidente-da-femama-fortalecendo-a-luta-contra-o-cancer-de-mama-no-brasil\/#article","isPartOf":{"@id":"https:\/\/afonte.org.br\/site\/dr-luiz-ayrton-santos-junior-e-eleito-o-novo-presidente-da-femama-fortalecendo-a-luta-contra-o-cancer-de-mama-no-brasil\/"},"author":{"name":"rogerbezerra","@id":"https:\/\/afonte.org.br\/site\/#\/schema\/person\/d5464c99acebd87d15901044d6a19b06"},"headline":"Dr. Luiz Ayrton Santos Junior \u00e9 eleito o novo presidente da FEMAMA, fortalecendo a luta contra o c\u00e2ncer de mama no Brasil.","datePublished":"2023-07-04T11:55:00+00:00","dateModified":"2023-07-07T13:03:55+00:00","mainEntityOfPage":{"@id":"https:\/\/afonte.org.br\/site\/dr-luiz-ayrton-santos-junior-e-eleito-o-novo-presidente-da-femama-fortalecendo-a-luta-contra-o-cancer-de-mama-no-brasil\/"},"wordCount":243,"commentCount":0,"publisher":{"@id":"https:\/\/afonte.org.br\/site\/#organization"},"image":{"@id":"https:\/\/afonte.org.br\/site\/dr-luiz-ayrton-santos-junior-e-eleito-o-novo-presidente-da-femama-fortalecendo-a-luta-contra-o-cancer-de-mama-no-brasil\/#primaryimage"},"thumbnailUrl":"https:\/\/afonte.org.br\/site\/wp-content\/uploads\/2023\/07\/356818334_665152858984839_7369483562498305591_n.jpg","articleSection":["Not\u00edcias"],"inLanguage":"pt-BR","potentialAction":[{"@type":"CommentAction","name":"Comment","target":["https:\/\/afonte.org.br\/site\/dr-luiz-ayrton-santos-junior-e-eleito-o-novo-presidente-da-femama-fortalecendo-a-luta-contra-o-cancer-de-mama-no-brasil\/#respond"]}]},{"@type":"WebPage","@id":"https:\/\/afonte.org.br\/site\/dr-luiz-ayrton-santos-junior-e-eleito-o-novo-presidente-da-femama-fortalecendo-a-luta-contra-o-cancer-de-mama-no-brasil\/","url":"https:\/\/afonte.org.br\/site\/dr-luiz-ayrton-santos-junior-e-eleito-o-novo-presidente-da-femama-fortalecendo-a-luta-contra-o-cancer-de-mama-no-brasil\/","name":"Dr. Luiz Ayrton Santos Junior \u00e9 eleito o novo presidente da FEMAMA, fortalecendo a luta contra o c\u00e2ncer de mama no Brasil. - Funda\u00e7\u00e3o Maria Carvalho Santos","isPartOf":{"@id":"https:\/\/afonte.org.br\/site\/#website"},"primaryImageOfPage":{"@id":"https:\/\/afonte.org.br\/site\/dr-luiz-ayrton-santos-junior-e-eleito-o-novo-presidente-da-femama-fortalecendo-a-luta-contra-o-cancer-de-mama-no-brasil\/#primaryimage"},"image":{"@id":"https:\/\/afonte.org.br\/site\/dr-luiz-ayrton-santos-junior-e-eleito-o-novo-presidente-da-femama-fortalecendo-a-luta-contra-o-cancer-de-mama-no-brasil\/#primaryimage"},"thumbnailUrl":"https:\/\/afonte.org.br\/site\/wp-content\/uploads\/2023\/07\/356818334_665152858984839_7369483562498305591_n.jpg","datePublished":"2023-07-04T11:55:00+00:00","dateModified":"2023-07-07T13:03:55+00:00","breadcrumb":{"@id":"https:\/\/afonte.org.br\/site\/dr-luiz-ayrton-santos-junior-e-eleito-o-novo-presidente-da-femama-fortalecendo-a-luta-contra-o-cancer-de-mama-no-brasil\/#breadcrumb"},"inLanguage":"pt-BR","potentialAction":[{"@type":"ReadAction","target":["https:\/\/afonte.org.br\/site\/dr-luiz-ayrton-santos-junior-e-eleito-o-novo-presidente-da-femama-fortalecendo-a-luta-contra-o-cancer-de-mama-no-brasil\/"]}]},{"@type":"ImageObject","inLanguage":"pt-BR","@id":"https:\/\/afonte.org.br\/site\/dr-luiz-ayrton-santos-junior-e-eleito-o-novo-presidente-da-femama-fortalecendo-a-luta-contra-o-cancer-de-mama-no-brasil\/#primaryimage","url":"https:\/\/afonte.org.br\/site\/wp-content\/uploads\/2023\/07\/356818334_665152858984839_7369483562498305591_n.jpg","contentUrl":"https:\/\/afonte.org.br\/site\/wp-content\/uploads\/2023\/07\/356818334_665152858984839_7369483562498305591_n.jpg","width":811,"height":540,"caption":"Dr. Luiz Ayrton Santos Junior"},{"@type":"BreadcrumbList","@id":"https:\/\/afonte.org.br\/site\/dr-luiz-ayrton-santos-junior-e-eleito-o-novo-presidente-da-femama-fortalecendo-a-luta-contra-o-cancer-de-mama-no-brasil\/#breadcrumb","itemListElement":[{"@type":"ListItem","position":1,"name":"In\u00edcio","item":"https:\/\/afonte.org.br\/site\/"},{"@type":"ListItem","position":2,"name":"Dr. Luiz Ayrton Santos Junior \u00e9 eleito o novo presidente da FEMAMA, fortalecendo a luta contra o c\u00e2ncer de mama no Brasil."}]},{"@type":"WebSite","@id":"https:\/\/afonte.org.br\/site\/#website","url":"https:\/\/afonte.org.br\/site\/","name":"Funda\u00e7\u00e3o Maria Carvalho Santos","description":"\u201cSe voc\u00ea tem c\u00e2ncer de mama, n\u00f3s ajudamos voc\u00ea, mas se voc\u00ea n\u00e3o tem, ajude a gente\u201d!","publisher":{"@id":"https:\/\/afonte.org.br\/site\/#organization"},"potentialAction":[{"@type":"SearchAction","target":{"@type":"EntryPoint","urlTemplate":"https:\/\/afonte.org.br\/site\/?s={search_term_string}"},"query-input":{"@type":"PropertyValueSpecification","valueRequired":true,"valueName":"search_term_string"}}],"inLanguage":"pt-BR"},{"@type":"Organization","@id":"https:\/\/afonte.org.br\/site\/#organization","name":"Funda\u00e7\u00e3o Maria Carvalho Santos","url":"https:\/\/afonte.org.br\/site\/","logo":{"@type":"ImageObject","inLanguage":"pt-BR","@id":"https:\/\/afonte.org.br\/site\/#\/schema\/logo\/image\/","url":"https:\/\/afonte.org.br\/site\/wp-content\/uploads\/2021\/10\/logomarca_fundacao2.fw_.png","contentUrl":"https:\/\/afonte.org.br\/site\/wp-content\/uploads\/2021\/10\/logomarca_fundacao2.fw_.png","width":200,"height":73,"caption":"Funda\u00e7\u00e3o Maria Carvalho Santos"},"image":{"@id":"https:\/\/afonte.org.br\/site\/#\/schema\/logo\/image\/"},"sameAs":["https:\/\/www.facebook.com\/fundacaomariacarvalhosantos\/","https:\/\/x.com\/fundacaomaria","https:\/\/www.instagram.com\/fundacaomariacarvalho\/?hl=pt-br","https:\/\/www.youtube.com\/channel\/UCThs6_9MYv6ms6ciEHDKXrA"]},{"@type":"Person","@id":"https:\/\/afonte.org.br\/site\/#\/schema\/person\/d5464c99acebd87d15901044d6a19b06","name":"rogerbezerra","image":{"@type":"ImageObject","inLanguage":"pt-BR","@id":"https:\/\/afonte.org.br\/site\/#\/schema\/person\/image\/","url":"https:\/\/secure.gravatar.com\/avatar\/3d1043775cda1d91d725491548f9b3a0909638e5fcbd418ee6b285ebfaa2ae59?s=96&d=mm&r=g","contentUrl":"https:\/\/secure.gravatar.com\/avatar\/3d1043775cda1d91d725491548f9b3a0909638e5fcbd418ee6b285ebfaa2ae59?s=96&d=mm&r=g","caption":"rogerbezerra"},"sameAs":["https:\/\/afonte.org.br\/site"],"url":"https:\/\/afonte.org.br\/site\/author\/rogerbezerra\/"}]}},"_links":{"self":[{"href":"https:\/\/afonte.org.br\/site\/wp-json\/wp\/v2\/posts\/1729","targetHints":{"allow":["GET"]}}],"collection":[{"href":"https:\/\/afonte.org.br\/site\/wp-json\/wp\/v2\/posts"}],"about":[{"href":"https:\/\/afonte.org.br\/site\/wp-json\/wp\/v2\/types\/post"}],"author":[{"embeddable":true,"href":"https:\/\/afonte.org.br\/site\/wp-json\/wp\/v2\/users\/1"}],"replies":[{"embeddable":true,"href":"https:\/\/afonte.org.br\/site\/wp-json\/wp\/v2\/comments?post=1729"}],"version-history":[{"count":3,"href":"https:\/\/afonte.org.br\/site\/wp-json\/wp\/v2\/posts\/1729\/revisions"}],"predecessor-version":[{"id":1877,"href":"https:\/\/afonte.org.br\/site\/wp-json\/wp\/v2\/posts\/1729\/revisions\/1877"}],"wp:featuredmedia":[{"embeddable":true,"href":"https:\/\/afonte.org.br\/site\/wp-json\/wp\/v2\/media\/1730"}],"wp:attachment":[{"href":"https:\/\/afonte.org.br\/site\/wp-json\/wp\/v2\/media?parent=1729"}],"wp:term":[{"taxonomy":"category","embeddable":true,"href":"https:\/\/afonte.org.br\/site\/wp-json\/wp\/v2\/categories?post=1729"},{"taxonomy":"post_tag","embeddable":true,"href":"https:\/\/afonte.org.br\/site\/wp-json\/wp\/v2\/tags?post=1729"}],"curies":[{"name":"wp","href":"https:\/\/api.w.org\/{rel}","templated":true}]}}