{"id":210,"date":"2021-10-09T08:25:12","date_gmt":"2021-10-09T11:25:12","guid":{"rendered":"https:\/\/afonte.org.br\/site\/?p=210"},"modified":"2021-10-09T08:25:12","modified_gmt":"2021-10-09T11:25:12","slug":"radioterapia-o-que-e-beneficios-e-o-cenario-no-brasil","status":"publish","type":"post","link":"https:\/\/afonte.org.br\/site\/radioterapia-o-que-e-beneficios-e-o-cenario-no-brasil\/","title":{"rendered":"Radioterapia: o que \u00e9, benef\u00edcios e o cen\u00e1rio no Brasil"},"content":{"rendered":"\n<p>Dentre os&nbsp;<a href=\"https:\/\/www.femama.org.br\/site\/br\/noticia\/tipos-de-tratamento-para-cancer-de-mama\" target=\"_blank\" rel=\"noreferrer noopener\">diversos tipos de tratamentos para c\u00e2ncer de mama<\/a>, a radioterapia \u00e9 um deles, e geralmente \u00e9 indicada para mulheres que realizaram a retirada cir\u00fargica do tumor. A radia\u00e7\u00e3o \u00e9 aplicada diretamente no local onde se localizava o tumor a fim de impedir a propaga\u00e7\u00e3o das c\u00e9lulas que formam o c\u00e2ncer. A indica\u00e7\u00e3o do tratamento deve ser realizada pelo profissional que acompanha o caso.<\/p>\n\n\n\n<p>60% dos pacientes com c\u00e2ncer t\u00eam indica\u00e7\u00e3o deste tratamento, e os cen\u00e1rios nos quais a radioterapia para pacientes com c\u00e2ncer torna-se uma possibilidade t\u00eam dois objetivos: curativo ou paliativo, oferecendo maior bem-estar ao paciente.<\/p>\n\n\n\n<p><strong><a href=\"https:\/\/drive.google.com\/file\/d\/1SKofvDpCQLcuK1HQX-uaB-NCVNCZTjV0\/view?usp=sharing\" target=\"_blank\" rel=\"noreferrer noopener\">ENTENDA A RADIOTERAPIA &#8211; EBOOK GRATUITO<\/a>&nbsp;<\/strong><\/p>\n\n\n\n<p>Al\u00e9m dos fatores dificultantes como acesso ao tratamento e os efeitos colaterais do paciente, a estrutura dos equipamentos tamb\u00e9m \u00e9 um problema para o tratamento radioter\u00e1pico. A Sociedade Brasileira de Radioterapia (SBRT), juntamente com a Funda\u00e7\u00e3o Dom Cabral, desenvolveu o estudo RT2030, que compreende a realidade atual da radioterapia no pa\u00eds e as mudan\u00e7as necess\u00e1rias para tornar integralmente sustent\u00e1vel o acesso para toda popula\u00e7\u00e3o at\u00e9 o ano de 2030.<\/p>\n\n\n\n<p>O&nbsp;<a href=\"https:\/\/sbradioterapia.com.br\/wp-content\/uploads\/2021\/08\/Relatorio_Projeto_RT2030.pdf\" target=\"_blank\" rel=\"noreferrer noopener\">relat\u00f3rio do projeto<\/a>&nbsp;aponta um dado que preocupa sobre os aparelhos de radioterapia: existem 409 equipamentos distribu\u00eddos pelo pa\u00eds, destes, 111 est\u00e3o ultrapassados e 29 est\u00e3o operando com o dobro do tempo recomendado, que \u00e9 de 15 anos.<\/p>\n\n\n\n<p>At\u00e9 2030, a maioria dos aparelhos n\u00e3o poder\u00e1 mais ser utilizado, o que pode causar um caos no tratamento de diversos pacientes. A reposi\u00e7\u00e3o dos aparelhos \u00e9 necess\u00e1ria e urgente, e pode evitar a morte de milhares de pessoas que necessitam do tratamento.<\/p>\n\n\n\n<p>Para saber mais sobre a radioterapia, seus benef\u00edcios e efeitos adversos, al\u00e9m de d\u00favidas sobre o acesso, a FEMAMA preparou um ebook especial. Clique no bot\u00e3o abaixo e acesse gratuitamente:<\/p>\n\n\n\n<p><strong><a href=\"https:\/\/drive.google.com\/file\/d\/1SKofvDpCQLcuK1HQX-uaB-NCVNCZTjV0\/view?usp=sharing\" target=\"_blank\" rel=\"noreferrer noopener\">ACESSAR EBOOK DE RADIOTERAPIA<\/a>&nbsp;<\/strong><\/p>\n\n\n\n<p>Fonte: Sociedade Brasileira de Radioterapia<\/p>\n","protected":false},"excerpt":{"rendered":"<p>Dentre os&nbsp;diversos tipos de tratamentos para c\u00e2ncer de mama, a radioterapia \u00e9 um deles, e geralmente \u00e9 indicada para mulheres que realizaram a retirada cir\u00fargica do tumor. A radia\u00e7\u00e3o \u00e9 aplicada diretamente no local onde se localizava o tumor a fim de impedir a propaga\u00e7\u00e3o das c\u00e9lulas que formam o c\u00e2ncer. A indica\u00e7\u00e3o do tratamento [&hellip;]<\/p>\n","protected":false},"author":1,"featured_media":211,"comment_status":"open","ping_status":"open","sticky":false,"template":"","format":"standard","meta":{"footnotes":""},"categories":[1],"tags":[],"class_list":["post-210","post","type-post","status-publish","format-standard","has-post-thumbnail","hentry","category-noticias"],"yoast_head":"<!-- This site is optimized with the Yoast SEO plugin v26.4 - https:\/\/yoast.com\/wordpress\/plugins\/seo\/ -->\n<title>Radioterapia: o que \u00e9, benef\u00edcios e o cen\u00e1rio no Brasil - Funda\u00e7\u00e3o Maria Carvalho Santos<\/title>\n<meta name=\"robots\" content=\"index, follow, max-snippet:-1, max-image-preview:large, max-video-preview:-1\" \/>\n<link rel=\"canonical\" href=\"https:\/\/afonte.org.br\/site\/radioterapia-o-que-e-beneficios-e-o-cenario-no-brasil\/\" \/>\n<meta property=\"og:locale\" content=\"pt_BR\" \/>\n<meta property=\"og:type\" content=\"article\" \/>\n<meta property=\"og:title\" content=\"Radioterapia: o que \u00e9, benef\u00edcios e o cen\u00e1rio no Brasil - Funda\u00e7\u00e3o Maria Carvalho Santos\" \/>\n<meta property=\"og:description\" content=\"Dentre os&nbsp;diversos tipos de tratamentos para c\u00e2ncer de mama, a radioterapia \u00e9 um deles, e geralmente \u00e9 indicada para mulheres que realizaram a retirada cir\u00fargica do tumor. A radia\u00e7\u00e3o \u00e9 aplicada diretamente no local onde se localizava o tumor a fim de impedir a propaga\u00e7\u00e3o das c\u00e9lulas que formam o c\u00e2ncer. A indica\u00e7\u00e3o do tratamento [&hellip;]\" \/>\n<meta property=\"og:url\" content=\"https:\/\/afonte.org.br\/site\/radioterapia-o-que-e-beneficios-e-o-cenario-no-brasil\/\" \/>\n<meta property=\"og:site_name\" content=\"Funda\u00e7\u00e3o Maria Carvalho Santos\" \/>\n<meta property=\"article:publisher\" content=\"https:\/\/www.facebook.com\/fundacaomariacarvalhosantos\/\" \/>\n<meta property=\"article:published_time\" content=\"2021-10-09T11:25:12+00:00\" \/>\n<meta property=\"og:image\" content=\"https:\/\/afonte.org.br\/site\/wp-content\/uploads\/2021\/10\/6143984e8a0c6.webp\" \/>\n\t<meta property=\"og:image:width\" content=\"600\" \/>\n\t<meta property=\"og:image:height\" content=\"405\" \/>\n\t<meta property=\"og:image:type\" content=\"image\/webp\" \/>\n<meta name=\"author\" content=\"rogerbezerra\" \/>\n<meta name=\"twitter:card\" content=\"summary_large_image\" \/>\n<meta name=\"twitter:creator\" content=\"@fundacaomaria\" \/>\n<meta name=\"twitter:site\" content=\"@fundacaomaria\" \/>\n<meta name=\"twitter:label1\" content=\"Escrito por\" \/>\n\t<meta name=\"twitter:data1\" content=\"rogerbezerra\" \/>\n\t<meta name=\"twitter:label2\" content=\"Est. tempo de leitura\" \/>\n\t<meta name=\"twitter:data2\" content=\"2 minutos\" \/>\n<script type=\"application\/ld+json\" class=\"yoast-schema-graph\">{\"@context\":\"https:\/\/schema.org\",\"@graph\":[{\"@type\":\"Article\",\"@id\":\"https:\/\/afonte.org.br\/site\/radioterapia-o-que-e-beneficios-e-o-cenario-no-brasil\/#article\",\"isPartOf\":{\"@id\":\"https:\/\/afonte.org.br\/site\/radioterapia-o-que-e-beneficios-e-o-cenario-no-brasil\/\"},\"author\":{\"name\":\"rogerbezerra\",\"@id\":\"https:\/\/afonte.org.br\/site\/#\/schema\/person\/d5464c99acebd87d15901044d6a19b06\"},\"headline\":\"Radioterapia: o que \u00e9, benef\u00edcios e o cen\u00e1rio no Brasil\",\"datePublished\":\"2021-10-09T11:25:12+00:00\",\"mainEntityOfPage\":{\"@id\":\"https:\/\/afonte.org.br\/site\/radioterapia-o-que-e-beneficios-e-o-cenario-no-brasil\/\"},\"wordCount\":332,\"commentCount\":0,\"publisher\":{\"@id\":\"https:\/\/afonte.org.br\/site\/#organization\"},\"image\":{\"@id\":\"https:\/\/afonte.org.br\/site\/radioterapia-o-que-e-beneficios-e-o-cenario-no-brasil\/#primaryimage\"},\"thumbnailUrl\":\"https:\/\/afonte.org.br\/site\/wp-content\/uploads\/2021\/10\/6143984e8a0c6.webp\",\"articleSection\":[\"Not\u00edcias\"],\"inLanguage\":\"pt-BR\",\"potentialAction\":[{\"@type\":\"CommentAction\",\"name\":\"Comment\",\"target\":[\"https:\/\/afonte.org.br\/site\/radioterapia-o-que-e-beneficios-e-o-cenario-no-brasil\/#respond\"]}]},{\"@type\":\"WebPage\",\"@id\":\"https:\/\/afonte.org.br\/site\/radioterapia-o-que-e-beneficios-e-o-cenario-no-brasil\/\",\"url\":\"https:\/\/afonte.org.br\/site\/radioterapia-o-que-e-beneficios-e-o-cenario-no-brasil\/\",\"name\":\"Radioterapia: o que \u00e9, benef\u00edcios e o cen\u00e1rio no Brasil - Funda\u00e7\u00e3o Maria Carvalho Santos\",\"isPartOf\":{\"@id\":\"https:\/\/afonte.org.br\/site\/#website\"},\"primaryImageOfPage\":{\"@id\":\"https:\/\/afonte.org.br\/site\/radioterapia-o-que-e-beneficios-e-o-cenario-no-brasil\/#primaryimage\"},\"image\":{\"@id\":\"https:\/\/afonte.org.br\/site\/radioterapia-o-que-e-beneficios-e-o-cenario-no-brasil\/#primaryimage\"},\"thumbnailUrl\":\"https:\/\/afonte.org.br\/site\/wp-content\/uploads\/2021\/10\/6143984e8a0c6.webp\",\"datePublished\":\"2021-10-09T11:25:12+00:00\",\"breadcrumb\":{\"@id\":\"https:\/\/afonte.org.br\/site\/radioterapia-o-que-e-beneficios-e-o-cenario-no-brasil\/#breadcrumb\"},\"inLanguage\":\"pt-BR\",\"potentialAction\":[{\"@type\":\"ReadAction\",\"target\":[\"https:\/\/afonte.org.br\/site\/radioterapia-o-que-e-beneficios-e-o-cenario-no-brasil\/\"]}]},{\"@type\":\"ImageObject\",\"inLanguage\":\"pt-BR\",\"@id\":\"https:\/\/afonte.org.br\/site\/radioterapia-o-que-e-beneficios-e-o-cenario-no-brasil\/#primaryimage\",\"url\":\"https:\/\/afonte.org.br\/site\/wp-content\/uploads\/2021\/10\/6143984e8a0c6.webp\",\"contentUrl\":\"https:\/\/afonte.org.br\/site\/wp-content\/uploads\/2021\/10\/6143984e8a0c6.webp\",\"width\":600,\"height\":405},{\"@type\":\"BreadcrumbList\",\"@id\":\"https:\/\/afonte.org.br\/site\/radioterapia-o-que-e-beneficios-e-o-cenario-no-brasil\/#breadcrumb\",\"itemListElement\":[{\"@type\":\"ListItem\",\"position\":1,\"name\":\"In\u00edcio\",\"item\":\"https:\/\/afonte.org.br\/site\/\"},{\"@type\":\"ListItem\",\"position\":2,\"name\":\"Radioterapia: o que \u00e9, benef\u00edcios e o cen\u00e1rio no Brasil\"}]},{\"@type\":\"WebSite\",\"@id\":\"https:\/\/afonte.org.br\/site\/#website\",\"url\":\"https:\/\/afonte.org.br\/site\/\",\"name\":\"Funda\u00e7\u00e3o Maria Carvalho Santos\",\"description\":\"\u201cSe voc\u00ea tem c\u00e2ncer de mama, n\u00f3s ajudamos voc\u00ea, mas se voc\u00ea n\u00e3o tem, ajude a gente\u201d!\",\"publisher\":{\"@id\":\"https:\/\/afonte.org.br\/site\/#organization\"},\"potentialAction\":[{\"@type\":\"SearchAction\",\"target\":{\"@type\":\"EntryPoint\",\"urlTemplate\":\"https:\/\/afonte.org.br\/site\/?s={search_term_string}\"},\"query-input\":{\"@type\":\"PropertyValueSpecification\",\"valueRequired\":true,\"valueName\":\"search_term_string\"}}],\"inLanguage\":\"pt-BR\"},{\"@type\":\"Organization\",\"@id\":\"https:\/\/afonte.org.br\/site\/#organization\",\"name\":\"Funda\u00e7\u00e3o Maria Carvalho Santos\",\"url\":\"https:\/\/afonte.org.br\/site\/\",\"logo\":{\"@type\":\"ImageObject\",\"inLanguage\":\"pt-BR\",\"@id\":\"https:\/\/afonte.org.br\/site\/#\/schema\/logo\/image\/\",\"url\":\"https:\/\/afonte.org.br\/site\/wp-content\/uploads\/2021\/10\/logomarca_fundacao2.fw_.png\",\"contentUrl\":\"https:\/\/afonte.org.br\/site\/wp-content\/uploads\/2021\/10\/logomarca_fundacao2.fw_.png\",\"width\":200,\"height\":73,\"caption\":\"Funda\u00e7\u00e3o Maria Carvalho Santos\"},\"image\":{\"@id\":\"https:\/\/afonte.org.br\/site\/#\/schema\/logo\/image\/\"},\"sameAs\":[\"https:\/\/www.facebook.com\/fundacaomariacarvalhosantos\/\",\"https:\/\/x.com\/fundacaomaria\",\"https:\/\/www.instagram.com\/fundacaomariacarvalho\/?hl=pt-br\",\"https:\/\/www.youtube.com\/channel\/UCThs6_9MYv6ms6ciEHDKXrA\"]},{\"@type\":\"Person\",\"@id\":\"https:\/\/afonte.org.br\/site\/#\/schema\/person\/d5464c99acebd87d15901044d6a19b06\",\"name\":\"rogerbezerra\",\"image\":{\"@type\":\"ImageObject\",\"inLanguage\":\"pt-BR\",\"@id\":\"https:\/\/afonte.org.br\/site\/#\/schema\/person\/image\/\",\"url\":\"https:\/\/secure.gravatar.com\/avatar\/3d1043775cda1d91d725491548f9b3a0909638e5fcbd418ee6b285ebfaa2ae59?s=96&d=mm&r=g\",\"contentUrl\":\"https:\/\/secure.gravatar.com\/avatar\/3d1043775cda1d91d725491548f9b3a0909638e5fcbd418ee6b285ebfaa2ae59?s=96&d=mm&r=g\",\"caption\":\"rogerbezerra\"},\"sameAs\":[\"https:\/\/afonte.org.br\/site\"],\"url\":\"https:\/\/afonte.org.br\/site\/author\/rogerbezerra\/\"}]}<\/script>\n<!-- \/ Yoast SEO plugin. -->","yoast_head_json":{"title":"Radioterapia: o que \u00e9, benef\u00edcios e o cen\u00e1rio no Brasil - Funda\u00e7\u00e3o Maria Carvalho Santos","robots":{"index":"index","follow":"follow","max-snippet":"max-snippet:-1","max-image-preview":"max-image-preview:large","max-video-preview":"max-video-preview:-1"},"canonical":"https:\/\/afonte.org.br\/site\/radioterapia-o-que-e-beneficios-e-o-cenario-no-brasil\/","og_locale":"pt_BR","og_type":"article","og_title":"Radioterapia: o que \u00e9, benef\u00edcios e o cen\u00e1rio no Brasil - Funda\u00e7\u00e3o Maria Carvalho Santos","og_description":"Dentre os&nbsp;diversos tipos de tratamentos para c\u00e2ncer de mama, a radioterapia \u00e9 um deles, e geralmente \u00e9 indicada para mulheres que realizaram a retirada cir\u00fargica do tumor. A radia\u00e7\u00e3o \u00e9 aplicada diretamente no local onde se localizava o tumor a fim de impedir a propaga\u00e7\u00e3o das c\u00e9lulas que formam o c\u00e2ncer. A indica\u00e7\u00e3o do tratamento [&hellip;]","og_url":"https:\/\/afonte.org.br\/site\/radioterapia-o-que-e-beneficios-e-o-cenario-no-brasil\/","og_site_name":"Funda\u00e7\u00e3o Maria Carvalho Santos","article_publisher":"https:\/\/www.facebook.com\/fundacaomariacarvalhosantos\/","article_published_time":"2021-10-09T11:25:12+00:00","og_image":[{"width":600,"height":405,"url":"https:\/\/afonte.org.br\/site\/wp-content\/uploads\/2021\/10\/6143984e8a0c6.webp","type":"image\/webp"}],"author":"rogerbezerra","twitter_card":"summary_large_image","twitter_creator":"@fundacaomaria","twitter_site":"@fundacaomaria","twitter_misc":{"Escrito por":"rogerbezerra","Est. tempo de leitura":"2 minutos"},"schema":{"@context":"https:\/\/schema.org","@graph":[{"@type":"Article","@id":"https:\/\/afonte.org.br\/site\/radioterapia-o-que-e-beneficios-e-o-cenario-no-brasil\/#article","isPartOf":{"@id":"https:\/\/afonte.org.br\/site\/radioterapia-o-que-e-beneficios-e-o-cenario-no-brasil\/"},"author":{"name":"rogerbezerra","@id":"https:\/\/afonte.org.br\/site\/#\/schema\/person\/d5464c99acebd87d15901044d6a19b06"},"headline":"Radioterapia: o que \u00e9, benef\u00edcios e o cen\u00e1rio no Brasil","datePublished":"2021-10-09T11:25:12+00:00","mainEntityOfPage":{"@id":"https:\/\/afonte.org.br\/site\/radioterapia-o-que-e-beneficios-e-o-cenario-no-brasil\/"},"wordCount":332,"commentCount":0,"publisher":{"@id":"https:\/\/afonte.org.br\/site\/#organization"},"image":{"@id":"https:\/\/afonte.org.br\/site\/radioterapia-o-que-e-beneficios-e-o-cenario-no-brasil\/#primaryimage"},"thumbnailUrl":"https:\/\/afonte.org.br\/site\/wp-content\/uploads\/2021\/10\/6143984e8a0c6.webp","articleSection":["Not\u00edcias"],"inLanguage":"pt-BR","potentialAction":[{"@type":"CommentAction","name":"Comment","target":["https:\/\/afonte.org.br\/site\/radioterapia-o-que-e-beneficios-e-o-cenario-no-brasil\/#respond"]}]},{"@type":"WebPage","@id":"https:\/\/afonte.org.br\/site\/radioterapia-o-que-e-beneficios-e-o-cenario-no-brasil\/","url":"https:\/\/afonte.org.br\/site\/radioterapia-o-que-e-beneficios-e-o-cenario-no-brasil\/","name":"Radioterapia: o que \u00e9, benef\u00edcios e o cen\u00e1rio no Brasil - Funda\u00e7\u00e3o Maria Carvalho Santos","isPartOf":{"@id":"https:\/\/afonte.org.br\/site\/#website"},"primaryImageOfPage":{"@id":"https:\/\/afonte.org.br\/site\/radioterapia-o-que-e-beneficios-e-o-cenario-no-brasil\/#primaryimage"},"image":{"@id":"https:\/\/afonte.org.br\/site\/radioterapia-o-que-e-beneficios-e-o-cenario-no-brasil\/#primaryimage"},"thumbnailUrl":"https:\/\/afonte.org.br\/site\/wp-content\/uploads\/2021\/10\/6143984e8a0c6.webp","datePublished":"2021-10-09T11:25:12+00:00","breadcrumb":{"@id":"https:\/\/afonte.org.br\/site\/radioterapia-o-que-e-beneficios-e-o-cenario-no-brasil\/#breadcrumb"},"inLanguage":"pt-BR","potentialAction":[{"@type":"ReadAction","target":["https:\/\/afonte.org.br\/site\/radioterapia-o-que-e-beneficios-e-o-cenario-no-brasil\/"]}]},{"@type":"ImageObject","inLanguage":"pt-BR","@id":"https:\/\/afonte.org.br\/site\/radioterapia-o-que-e-beneficios-e-o-cenario-no-brasil\/#primaryimage","url":"https:\/\/afonte.org.br\/site\/wp-content\/uploads\/2021\/10\/6143984e8a0c6.webp","contentUrl":"https:\/\/afonte.org.br\/site\/wp-content\/uploads\/2021\/10\/6143984e8a0c6.webp","width":600,"height":405},{"@type":"BreadcrumbList","@id":"https:\/\/afonte.org.br\/site\/radioterapia-o-que-e-beneficios-e-o-cenario-no-brasil\/#breadcrumb","itemListElement":[{"@type":"ListItem","position":1,"name":"In\u00edcio","item":"https:\/\/afonte.org.br\/site\/"},{"@type":"ListItem","position":2,"name":"Radioterapia: o que \u00e9, benef\u00edcios e o cen\u00e1rio no Brasil"}]},{"@type":"WebSite","@id":"https:\/\/afonte.org.br\/site\/#website","url":"https:\/\/afonte.org.br\/site\/","name":"Funda\u00e7\u00e3o Maria Carvalho Santos","description":"\u201cSe voc\u00ea tem c\u00e2ncer de mama, n\u00f3s ajudamos voc\u00ea, mas se voc\u00ea n\u00e3o tem, ajude a gente\u201d!","publisher":{"@id":"https:\/\/afonte.org.br\/site\/#organization"},"potentialAction":[{"@type":"SearchAction","target":{"@type":"EntryPoint","urlTemplate":"https:\/\/afonte.org.br\/site\/?s={search_term_string}"},"query-input":{"@type":"PropertyValueSpecification","valueRequired":true,"valueName":"search_term_string"}}],"inLanguage":"pt-BR"},{"@type":"Organization","@id":"https:\/\/afonte.org.br\/site\/#organization","name":"Funda\u00e7\u00e3o Maria Carvalho Santos","url":"https:\/\/afonte.org.br\/site\/","logo":{"@type":"ImageObject","inLanguage":"pt-BR","@id":"https:\/\/afonte.org.br\/site\/#\/schema\/logo\/image\/","url":"https:\/\/afonte.org.br\/site\/wp-content\/uploads\/2021\/10\/logomarca_fundacao2.fw_.png","contentUrl":"https:\/\/afonte.org.br\/site\/wp-content\/uploads\/2021\/10\/logomarca_fundacao2.fw_.png","width":200,"height":73,"caption":"Funda\u00e7\u00e3o Maria Carvalho Santos"},"image":{"@id":"https:\/\/afonte.org.br\/site\/#\/schema\/logo\/image\/"},"sameAs":["https:\/\/www.facebook.com\/fundacaomariacarvalhosantos\/","https:\/\/x.com\/fundacaomaria","https:\/\/www.instagram.com\/fundacaomariacarvalho\/?hl=pt-br","https:\/\/www.youtube.com\/channel\/UCThs6_9MYv6ms6ciEHDKXrA"]},{"@type":"Person","@id":"https:\/\/afonte.org.br\/site\/#\/schema\/person\/d5464c99acebd87d15901044d6a19b06","name":"rogerbezerra","image":{"@type":"ImageObject","inLanguage":"pt-BR","@id":"https:\/\/afonte.org.br\/site\/#\/schema\/person\/image\/","url":"https:\/\/secure.gravatar.com\/avatar\/3d1043775cda1d91d725491548f9b3a0909638e5fcbd418ee6b285ebfaa2ae59?s=96&d=mm&r=g","contentUrl":"https:\/\/secure.gravatar.com\/avatar\/3d1043775cda1d91d725491548f9b3a0909638e5fcbd418ee6b285ebfaa2ae59?s=96&d=mm&r=g","caption":"rogerbezerra"},"sameAs":["https:\/\/afonte.org.br\/site"],"url":"https:\/\/afonte.org.br\/site\/author\/rogerbezerra\/"}]}},"_links":{"self":[{"href":"https:\/\/afonte.org.br\/site\/wp-json\/wp\/v2\/posts\/210","targetHints":{"allow":["GET"]}}],"collection":[{"href":"https:\/\/afonte.org.br\/site\/wp-json\/wp\/v2\/posts"}],"about":[{"href":"https:\/\/afonte.org.br\/site\/wp-json\/wp\/v2\/types\/post"}],"author":[{"embeddable":true,"href":"https:\/\/afonte.org.br\/site\/wp-json\/wp\/v2\/users\/1"}],"replies":[{"embeddable":true,"href":"https:\/\/afonte.org.br\/site\/wp-json\/wp\/v2\/comments?post=210"}],"version-history":[{"count":1,"href":"https:\/\/afonte.org.br\/site\/wp-json\/wp\/v2\/posts\/210\/revisions"}],"predecessor-version":[{"id":212,"href":"https:\/\/afonte.org.br\/site\/wp-json\/wp\/v2\/posts\/210\/revisions\/212"}],"wp:featuredmedia":[{"embeddable":true,"href":"https:\/\/afonte.org.br\/site\/wp-json\/wp\/v2\/media\/211"}],"wp:attachment":[{"href":"https:\/\/afonte.org.br\/site\/wp-json\/wp\/v2\/media?parent=210"}],"wp:term":[{"taxonomy":"category","embeddable":true,"href":"https:\/\/afonte.org.br\/site\/wp-json\/wp\/v2\/categories?post=210"},{"taxonomy":"post_tag","embeddable":true,"href":"https:\/\/afonte.org.br\/site\/wp-json\/wp\/v2\/tags?post=210"}],"curies":[{"name":"wp","href":"https:\/\/api.w.org\/{rel}","templated":true}]}}