{"id":219,"date":"2021-10-09T08:29:10","date_gmt":"2021-10-09T11:29:10","guid":{"rendered":"https:\/\/afonte.org.br\/site\/?p=219"},"modified":"2021-10-09T09:31:53","modified_gmt":"2021-10-09T12:31:53","slug":"campanha-da-femama-convoca-populacao-a-aumentar-possibilidades-de-tratamento-de-cancer-de-mama-no-sus","status":"publish","type":"post","link":"https:\/\/afonte.org.br\/site\/campanha-da-femama-convoca-populacao-a-aumentar-possibilidades-de-tratamento-de-cancer-de-mama-no-sus\/","title":{"rendered":"Campanha convoca popula\u00e7\u00e3o a aumentar possibilidades de tratamento de c\u00e2ncer de mama no SUS"},"content":{"rendered":"\n<p>Sob o mote&nbsp;<a href=\"https:\/\/demaisatencao.femama.org.br\/\" target=\"_blank\" rel=\"noreferrer noopener\">D\u00ea Mais Aten\u00e7\u00e3o #elaprecisa<\/a>, a FEMAMA convida a sociedade para participar da&nbsp;<a href=\"http:\/\/conitec.gov.br\/consultas-publicas\" target=\"_blank\" rel=\"noreferrer noopener\">Consulta P\u00fablica n\u00ba 77<\/a>&nbsp;da Comiss\u00e3o Nacional de Incorpora\u00e7\u00e3o de Tecnologias no SUS (CONITEC) para inclus\u00e3o de tr\u00eas novas quimioterapias orais para tratamento de c\u00e2ncer de mama metast\u00e1tico horm\u00f4nio positivo: abemaciclibe, palbociclibe e ribociclibe. O objetivo da campanha \u00e9 tentar reverter o&nbsp;<a href=\"http:\/\/conitec.gov.br\/images\/Consultas\/Relatorios\/2021\/20210909_Relatorio_Abemaciclibe_Palbociclibe_Ribociclibe_CA_Mama_CP_77_2021.pdf\" target=\"_blank\" rel=\"noreferrer noopener\">relat\u00f3rio preliminar pela n\u00e3o incorpora\u00e7\u00e3o emitido pelo \u00f3rg\u00e3o<\/a>. O prazo para a contribui\u00e7\u00e3o vai at\u00e9 29 de setembro e todas as informa\u00e7\u00f5es de como participar est\u00e3o dispon\u00edveis em&nbsp;<a href=\"http:\/\/demaisatencao.femama.org.br\/\" target=\"_blank\" rel=\"noreferrer noopener\">http:\/\/demaisatencao.femama.org.br<\/a>. Os tr\u00eas medicamentos j\u00e1 est\u00e3o dispon\u00edveis na lista de cobertura m\u00ednima dos planos de sa\u00fade desde abril.<\/p>\n\n\n\n<p>De acordo com a CONITEC, apesar das evid\u00eancias claras de efic\u00e1cia de tr\u00eas medicamentos, os custos dos tratamentos gerariam impacto or\u00e7ament\u00e1rio elevados ao SUS e considera os dados \u201cimaturos\u201d. A FEMAMA \u00e9 contr\u00e1ria \u00e0 recomenda\u00e7\u00e3o preliminar do \u00f3rg\u00e3o, uma vez que os estudos cient\u00edficos comprovam que a incorpora\u00e7\u00e3o das drogas orais da classe terap\u00eautica dos inibidores de CDK podem reduzir os impactos do c\u00e2ncer de mama HR+\/HER2- avan\u00e7ado\/metast\u00e1tico, representando uma nova abordagem terap\u00eautica capaz de controlar a doen\u00e7a por mais tempo sem deteriora\u00e7\u00e3o da qualidade de vida das pacientes. A FEMAMA segue firme com o prop\u00f3sito e entendimento de que a incorpora\u00e7\u00e3o dos medicamentos da classe terap\u00eautica dos inibidores de CDK para tratamento de c\u00e2ncer de mama no SUS \u00e9 de extrema import\u00e2ncia para benef\u00edcio das pacientes, sendo condi\u00e7\u00e3o prec\u00edpua para equidade no tratamento oncol\u00f3gico no Brasil.<\/p>\n\n\n\n<p>Saiba mais sobre os tratamentos e como participar da campanha em&nbsp;<a href=\"http:\/\/demaisatencao.femama.org.br\/\" target=\"_blank\" rel=\"noreferrer noopener\">http:\/\/demaisatencao.femama.org.br<\/a>. A campanha conta com investimento social de AstraZeneca, Lilly, Novartis e Pfizer.<\/p>\n\n\n\n<p><strong>O que h\u00e1 de novo?<\/strong><\/p>\n\n\n\n<p>Os tr\u00eas medicamentos pertencem \u00e0 classe de inibidores de ciclina. As cinases dependentes de ciclina (CDKs) desempenham papel essencial na regula\u00e7\u00e3o da progress\u00e3o do ciclo celular, permitindo a transi\u00e7\u00e3o entre diferentes fases. Sua ativa\u00e7\u00e3o depende de mol\u00e9culas que s\u00e3o sintetizadas e degradadas durante o ciclo celular \u2013 as ciclinas.<\/p>\n\n\n\n<p>Como reguladoras do ciclo celular, sua inibi\u00e7\u00e3o garante que c\u00e9lulas doentes n\u00e3o entrem em divis\u00e3o celular, evitando assim que se proliferem e morram, quebrando um ciclo de crescimento tumoral. Para tratar essa condi\u00e7\u00e3o, \u00e9 preciso fazer a utiliza\u00e7\u00e3o de uma terapia-alvo conhecida como inibidora de CDK. Este tratamento interrompe a atividade de enzimas promotoras de c\u00e9lulas cancerosas conhecidas como quinases dependentes de ciclina 4\/6 (CDK 4\/6).<\/p>\n\n\n\n<p>Os tr\u00eas tratamentos inibidores de CDK 4\/6 &#8211; abemaciclibe, palbociclibe e ribociclibe &#8211; que est\u00e3o sendo avaliados pela CONITEC j\u00e1 est\u00e3o dispon\u00edveis nos planos de sa\u00fade desde abril de 2021. Agora chegou a hora de estender esse direito a todas as pacientes do SUS. Dessa forma, todas as brasileiras ter\u00e3o acesso ao que h\u00e1 de melhor e mais ben\u00e9fico para o c\u00e2ncer de mama metast\u00e1tico horm\u00f4nio positivo.<\/p>\n\n\n\n<p>Nos \u00faltimos anos o avan\u00e7o da medicina trouxe mais qualidade de vida, melhores progn\u00f3sticos, novos tratamentos e um novo olhar personalizado para o c\u00e2ncer de mama. Toda paciente \u00e9 \u00fanica, assim como o c\u00e2ncer de mama de uma pessoa \u00e9 diferente do c\u00e2ncer de mama de outra. Cada paciente precisa de tratamentos espec\u00edficos e individualizados ao seu caso, sempre tendo seus direitos assegurados durante toda a jornada de tratamento.<\/p>\n\n\n\n<p><strong>Contribua agora com a consulta n\u00ba 77:&nbsp;<a href=\"https:\/\/forms.office.com\/r\/VSjHEN74w0\" target=\"_blank\" rel=\"noreferrer noopener\">https:\/\/forms.office.com\/r\/VSjHEN74w0<\/a><\/strong><\/p>\n\n\n\n<p><strong>Para saber mais, acesse:&nbsp;<a href=\"https:\/\/demaisatencao.femama.org.br\/\" target=\"_blank\" rel=\"noreferrer noopener\">demaisatencao.femama.org.br<\/a><\/strong><\/p>\n","protected":false},"excerpt":{"rendered":"<p>Sob o mote&nbsp;D\u00ea Mais Aten\u00e7\u00e3o #elaprecisa, a FEMAMA convida a sociedade para participar da&nbsp;Consulta P\u00fablica n\u00ba 77&nbsp;da Comiss\u00e3o Nacional de Incorpora\u00e7\u00e3o de Tecnologias no SUS (CONITEC) para inclus\u00e3o de tr\u00eas novas quimioterapias orais para tratamento de c\u00e2ncer de mama metast\u00e1tico horm\u00f4nio positivo: abemaciclibe, palbociclibe e ribociclibe. O objetivo da campanha \u00e9 tentar reverter o&nbsp;relat\u00f3rio preliminar [&hellip;]<\/p>\n","protected":false},"author":1,"featured_media":220,"comment_status":"open","ping_status":"open","sticky":false,"template":"","format":"standard","meta":{"footnotes":""},"categories":[1],"tags":[],"class_list":["post-219","post","type-post","status-publish","format-standard","has-post-thumbnail","hentry","category-noticias"],"yoast_head":"<!-- This site is optimized with the Yoast SEO plugin v26.4 - https:\/\/yoast.com\/wordpress\/plugins\/seo\/ -->\n<title>Campanha convoca popula\u00e7\u00e3o a aumentar possibilidades de tratamento de c\u00e2ncer de mama no SUS - Funda\u00e7\u00e3o Maria Carvalho Santos<\/title>\n<meta name=\"robots\" content=\"index, follow, max-snippet:-1, max-image-preview:large, max-video-preview:-1\" \/>\n<link rel=\"canonical\" href=\"https:\/\/afonte.org.br\/site\/campanha-da-femama-convoca-populacao-a-aumentar-possibilidades-de-tratamento-de-cancer-de-mama-no-sus\/\" \/>\n<meta property=\"og:locale\" content=\"pt_BR\" \/>\n<meta property=\"og:type\" content=\"article\" \/>\n<meta property=\"og:title\" content=\"Campanha convoca popula\u00e7\u00e3o a aumentar possibilidades de tratamento de c\u00e2ncer de mama no SUS - Funda\u00e7\u00e3o Maria Carvalho Santos\" \/>\n<meta property=\"og:description\" content=\"Sob o mote&nbsp;D\u00ea Mais Aten\u00e7\u00e3o #elaprecisa, a FEMAMA convida a sociedade para participar da&nbsp;Consulta P\u00fablica n\u00ba 77&nbsp;da Comiss\u00e3o Nacional de Incorpora\u00e7\u00e3o de Tecnologias no SUS (CONITEC) para inclus\u00e3o de tr\u00eas novas quimioterapias orais para tratamento de c\u00e2ncer de mama metast\u00e1tico horm\u00f4nio positivo: abemaciclibe, palbociclibe e ribociclibe. O objetivo da campanha \u00e9 tentar reverter o&nbsp;relat\u00f3rio preliminar [&hellip;]\" \/>\n<meta property=\"og:url\" content=\"https:\/\/afonte.org.br\/site\/campanha-da-femama-convoca-populacao-a-aumentar-possibilidades-de-tratamento-de-cancer-de-mama-no-sus\/\" \/>\n<meta property=\"og:site_name\" content=\"Funda\u00e7\u00e3o Maria Carvalho Santos\" \/>\n<meta property=\"article:publisher\" content=\"https:\/\/www.facebook.com\/fundacaomariacarvalhosantos\/\" \/>\n<meta property=\"article:published_time\" content=\"2021-10-09T11:29:10+00:00\" \/>\n<meta property=\"article:modified_time\" content=\"2021-10-09T12:31:53+00:00\" \/>\n<meta property=\"og:image\" content=\"https:\/\/afonte.org.br\/site\/wp-content\/uploads\/2021\/10\/613b9f99089d5.png\" \/>\n\t<meta property=\"og:image:width\" content=\"400\" \/>\n\t<meta property=\"og:image:height\" content=\"200\" \/>\n\t<meta property=\"og:image:type\" content=\"image\/png\" \/>\n<meta name=\"author\" content=\"rogerbezerra\" \/>\n<meta name=\"twitter:card\" content=\"summary_large_image\" \/>\n<meta name=\"twitter:creator\" content=\"@fundacaomaria\" \/>\n<meta name=\"twitter:site\" content=\"@fundacaomaria\" \/>\n<meta name=\"twitter:label1\" content=\"Escrito por\" \/>\n\t<meta name=\"twitter:data1\" content=\"rogerbezerra\" \/>\n\t<meta name=\"twitter:label2\" content=\"Est. tempo de leitura\" \/>\n\t<meta name=\"twitter:data2\" content=\"3 minutos\" \/>\n<script type=\"application\/ld+json\" class=\"yoast-schema-graph\">{\"@context\":\"https:\/\/schema.org\",\"@graph\":[{\"@type\":\"Article\",\"@id\":\"https:\/\/afonte.org.br\/site\/campanha-da-femama-convoca-populacao-a-aumentar-possibilidades-de-tratamento-de-cancer-de-mama-no-sus\/#article\",\"isPartOf\":{\"@id\":\"https:\/\/afonte.org.br\/site\/campanha-da-femama-convoca-populacao-a-aumentar-possibilidades-de-tratamento-de-cancer-de-mama-no-sus\/\"},\"author\":{\"name\":\"rogerbezerra\",\"@id\":\"https:\/\/afonte.org.br\/site\/#\/schema\/person\/d5464c99acebd87d15901044d6a19b06\"},\"headline\":\"Campanha convoca popula\u00e7\u00e3o a aumentar possibilidades de tratamento de c\u00e2ncer de mama no SUS\",\"datePublished\":\"2021-10-09T11:29:10+00:00\",\"dateModified\":\"2021-10-09T12:31:53+00:00\",\"mainEntityOfPage\":{\"@id\":\"https:\/\/afonte.org.br\/site\/campanha-da-femama-convoca-populacao-a-aumentar-possibilidades-de-tratamento-de-cancer-de-mama-no-sus\/\"},\"wordCount\":639,\"commentCount\":0,\"publisher\":{\"@id\":\"https:\/\/afonte.org.br\/site\/#organization\"},\"image\":{\"@id\":\"https:\/\/afonte.org.br\/site\/campanha-da-femama-convoca-populacao-a-aumentar-possibilidades-de-tratamento-de-cancer-de-mama-no-sus\/#primaryimage\"},\"thumbnailUrl\":\"https:\/\/afonte.org.br\/site\/wp-content\/uploads\/2021\/10\/613b9f99089d5.png\",\"articleSection\":[\"Not\u00edcias\"],\"inLanguage\":\"pt-BR\",\"potentialAction\":[{\"@type\":\"CommentAction\",\"name\":\"Comment\",\"target\":[\"https:\/\/afonte.org.br\/site\/campanha-da-femama-convoca-populacao-a-aumentar-possibilidades-de-tratamento-de-cancer-de-mama-no-sus\/#respond\"]}]},{\"@type\":\"WebPage\",\"@id\":\"https:\/\/afonte.org.br\/site\/campanha-da-femama-convoca-populacao-a-aumentar-possibilidades-de-tratamento-de-cancer-de-mama-no-sus\/\",\"url\":\"https:\/\/afonte.org.br\/site\/campanha-da-femama-convoca-populacao-a-aumentar-possibilidades-de-tratamento-de-cancer-de-mama-no-sus\/\",\"name\":\"Campanha convoca popula\u00e7\u00e3o a aumentar possibilidades de tratamento de c\u00e2ncer de mama no SUS - Funda\u00e7\u00e3o Maria Carvalho Santos\",\"isPartOf\":{\"@id\":\"https:\/\/afonte.org.br\/site\/#website\"},\"primaryImageOfPage\":{\"@id\":\"https:\/\/afonte.org.br\/site\/campanha-da-femama-convoca-populacao-a-aumentar-possibilidades-de-tratamento-de-cancer-de-mama-no-sus\/#primaryimage\"},\"image\":{\"@id\":\"https:\/\/afonte.org.br\/site\/campanha-da-femama-convoca-populacao-a-aumentar-possibilidades-de-tratamento-de-cancer-de-mama-no-sus\/#primaryimage\"},\"thumbnailUrl\":\"https:\/\/afonte.org.br\/site\/wp-content\/uploads\/2021\/10\/613b9f99089d5.png\",\"datePublished\":\"2021-10-09T11:29:10+00:00\",\"dateModified\":\"2021-10-09T12:31:53+00:00\",\"breadcrumb\":{\"@id\":\"https:\/\/afonte.org.br\/site\/campanha-da-femama-convoca-populacao-a-aumentar-possibilidades-de-tratamento-de-cancer-de-mama-no-sus\/#breadcrumb\"},\"inLanguage\":\"pt-BR\",\"potentialAction\":[{\"@type\":\"ReadAction\",\"target\":[\"https:\/\/afonte.org.br\/site\/campanha-da-femama-convoca-populacao-a-aumentar-possibilidades-de-tratamento-de-cancer-de-mama-no-sus\/\"]}]},{\"@type\":\"ImageObject\",\"inLanguage\":\"pt-BR\",\"@id\":\"https:\/\/afonte.org.br\/site\/campanha-da-femama-convoca-populacao-a-aumentar-possibilidades-de-tratamento-de-cancer-de-mama-no-sus\/#primaryimage\",\"url\":\"https:\/\/afonte.org.br\/site\/wp-content\/uploads\/2021\/10\/613b9f99089d5.png\",\"contentUrl\":\"https:\/\/afonte.org.br\/site\/wp-content\/uploads\/2021\/10\/613b9f99089d5.png\",\"width\":400,\"height\":200},{\"@type\":\"BreadcrumbList\",\"@id\":\"https:\/\/afonte.org.br\/site\/campanha-da-femama-convoca-populacao-a-aumentar-possibilidades-de-tratamento-de-cancer-de-mama-no-sus\/#breadcrumb\",\"itemListElement\":[{\"@type\":\"ListItem\",\"position\":1,\"name\":\"In\u00edcio\",\"item\":\"https:\/\/afonte.org.br\/site\/\"},{\"@type\":\"ListItem\",\"position\":2,\"name\":\"Campanha convoca popula\u00e7\u00e3o a aumentar possibilidades de tratamento de c\u00e2ncer de mama no SUS\"}]},{\"@type\":\"WebSite\",\"@id\":\"https:\/\/afonte.org.br\/site\/#website\",\"url\":\"https:\/\/afonte.org.br\/site\/\",\"name\":\"Funda\u00e7\u00e3o Maria Carvalho Santos\",\"description\":\"\u201cSe voc\u00ea tem c\u00e2ncer de mama, n\u00f3s ajudamos voc\u00ea, mas se voc\u00ea n\u00e3o tem, ajude a gente\u201d!\",\"publisher\":{\"@id\":\"https:\/\/afonte.org.br\/site\/#organization\"},\"potentialAction\":[{\"@type\":\"SearchAction\",\"target\":{\"@type\":\"EntryPoint\",\"urlTemplate\":\"https:\/\/afonte.org.br\/site\/?s={search_term_string}\"},\"query-input\":{\"@type\":\"PropertyValueSpecification\",\"valueRequired\":true,\"valueName\":\"search_term_string\"}}],\"inLanguage\":\"pt-BR\"},{\"@type\":\"Organization\",\"@id\":\"https:\/\/afonte.org.br\/site\/#organization\",\"name\":\"Funda\u00e7\u00e3o Maria Carvalho Santos\",\"url\":\"https:\/\/afonte.org.br\/site\/\",\"logo\":{\"@type\":\"ImageObject\",\"inLanguage\":\"pt-BR\",\"@id\":\"https:\/\/afonte.org.br\/site\/#\/schema\/logo\/image\/\",\"url\":\"https:\/\/afonte.org.br\/site\/wp-content\/uploads\/2021\/10\/logomarca_fundacao2.fw_.png\",\"contentUrl\":\"https:\/\/afonte.org.br\/site\/wp-content\/uploads\/2021\/10\/logomarca_fundacao2.fw_.png\",\"width\":200,\"height\":73,\"caption\":\"Funda\u00e7\u00e3o Maria Carvalho Santos\"},\"image\":{\"@id\":\"https:\/\/afonte.org.br\/site\/#\/schema\/logo\/image\/\"},\"sameAs\":[\"https:\/\/www.facebook.com\/fundacaomariacarvalhosantos\/\",\"https:\/\/x.com\/fundacaomaria\",\"https:\/\/www.instagram.com\/fundacaomariacarvalho\/?hl=pt-br\",\"https:\/\/www.youtube.com\/channel\/UCThs6_9MYv6ms6ciEHDKXrA\"]},{\"@type\":\"Person\",\"@id\":\"https:\/\/afonte.org.br\/site\/#\/schema\/person\/d5464c99acebd87d15901044d6a19b06\",\"name\":\"rogerbezerra\",\"image\":{\"@type\":\"ImageObject\",\"inLanguage\":\"pt-BR\",\"@id\":\"https:\/\/afonte.org.br\/site\/#\/schema\/person\/image\/\",\"url\":\"https:\/\/secure.gravatar.com\/avatar\/3d1043775cda1d91d725491548f9b3a0909638e5fcbd418ee6b285ebfaa2ae59?s=96&d=mm&r=g\",\"contentUrl\":\"https:\/\/secure.gravatar.com\/avatar\/3d1043775cda1d91d725491548f9b3a0909638e5fcbd418ee6b285ebfaa2ae59?s=96&d=mm&r=g\",\"caption\":\"rogerbezerra\"},\"sameAs\":[\"https:\/\/afonte.org.br\/site\"],\"url\":\"https:\/\/afonte.org.br\/site\/author\/rogerbezerra\/\"}]}<\/script>\n<!-- \/ Yoast SEO plugin. -->","yoast_head_json":{"title":"Campanha convoca popula\u00e7\u00e3o a aumentar possibilidades de tratamento de c\u00e2ncer de mama no SUS - Funda\u00e7\u00e3o Maria Carvalho Santos","robots":{"index":"index","follow":"follow","max-snippet":"max-snippet:-1","max-image-preview":"max-image-preview:large","max-video-preview":"max-video-preview:-1"},"canonical":"https:\/\/afonte.org.br\/site\/campanha-da-femama-convoca-populacao-a-aumentar-possibilidades-de-tratamento-de-cancer-de-mama-no-sus\/","og_locale":"pt_BR","og_type":"article","og_title":"Campanha convoca popula\u00e7\u00e3o a aumentar possibilidades de tratamento de c\u00e2ncer de mama no SUS - Funda\u00e7\u00e3o Maria Carvalho Santos","og_description":"Sob o mote&nbsp;D\u00ea Mais Aten\u00e7\u00e3o #elaprecisa, a FEMAMA convida a sociedade para participar da&nbsp;Consulta P\u00fablica n\u00ba 77&nbsp;da Comiss\u00e3o Nacional de Incorpora\u00e7\u00e3o de Tecnologias no SUS (CONITEC) para inclus\u00e3o de tr\u00eas novas quimioterapias orais para tratamento de c\u00e2ncer de mama metast\u00e1tico horm\u00f4nio positivo: abemaciclibe, palbociclibe e ribociclibe. O objetivo da campanha \u00e9 tentar reverter o&nbsp;relat\u00f3rio preliminar [&hellip;]","og_url":"https:\/\/afonte.org.br\/site\/campanha-da-femama-convoca-populacao-a-aumentar-possibilidades-de-tratamento-de-cancer-de-mama-no-sus\/","og_site_name":"Funda\u00e7\u00e3o Maria Carvalho Santos","article_publisher":"https:\/\/www.facebook.com\/fundacaomariacarvalhosantos\/","article_published_time":"2021-10-09T11:29:10+00:00","article_modified_time":"2021-10-09T12:31:53+00:00","og_image":[{"width":400,"height":200,"url":"https:\/\/afonte.org.br\/site\/wp-content\/uploads\/2021\/10\/613b9f99089d5.png","type":"image\/png"}],"author":"rogerbezerra","twitter_card":"summary_large_image","twitter_creator":"@fundacaomaria","twitter_site":"@fundacaomaria","twitter_misc":{"Escrito por":"rogerbezerra","Est. tempo de leitura":"3 minutos"},"schema":{"@context":"https:\/\/schema.org","@graph":[{"@type":"Article","@id":"https:\/\/afonte.org.br\/site\/campanha-da-femama-convoca-populacao-a-aumentar-possibilidades-de-tratamento-de-cancer-de-mama-no-sus\/#article","isPartOf":{"@id":"https:\/\/afonte.org.br\/site\/campanha-da-femama-convoca-populacao-a-aumentar-possibilidades-de-tratamento-de-cancer-de-mama-no-sus\/"},"author":{"name":"rogerbezerra","@id":"https:\/\/afonte.org.br\/site\/#\/schema\/person\/d5464c99acebd87d15901044d6a19b06"},"headline":"Campanha convoca popula\u00e7\u00e3o a aumentar possibilidades de tratamento de c\u00e2ncer de mama no SUS","datePublished":"2021-10-09T11:29:10+00:00","dateModified":"2021-10-09T12:31:53+00:00","mainEntityOfPage":{"@id":"https:\/\/afonte.org.br\/site\/campanha-da-femama-convoca-populacao-a-aumentar-possibilidades-de-tratamento-de-cancer-de-mama-no-sus\/"},"wordCount":639,"commentCount":0,"publisher":{"@id":"https:\/\/afonte.org.br\/site\/#organization"},"image":{"@id":"https:\/\/afonte.org.br\/site\/campanha-da-femama-convoca-populacao-a-aumentar-possibilidades-de-tratamento-de-cancer-de-mama-no-sus\/#primaryimage"},"thumbnailUrl":"https:\/\/afonte.org.br\/site\/wp-content\/uploads\/2021\/10\/613b9f99089d5.png","articleSection":["Not\u00edcias"],"inLanguage":"pt-BR","potentialAction":[{"@type":"CommentAction","name":"Comment","target":["https:\/\/afonte.org.br\/site\/campanha-da-femama-convoca-populacao-a-aumentar-possibilidades-de-tratamento-de-cancer-de-mama-no-sus\/#respond"]}]},{"@type":"WebPage","@id":"https:\/\/afonte.org.br\/site\/campanha-da-femama-convoca-populacao-a-aumentar-possibilidades-de-tratamento-de-cancer-de-mama-no-sus\/","url":"https:\/\/afonte.org.br\/site\/campanha-da-femama-convoca-populacao-a-aumentar-possibilidades-de-tratamento-de-cancer-de-mama-no-sus\/","name":"Campanha convoca popula\u00e7\u00e3o a aumentar possibilidades de tratamento de c\u00e2ncer de mama no SUS - Funda\u00e7\u00e3o Maria Carvalho Santos","isPartOf":{"@id":"https:\/\/afonte.org.br\/site\/#website"},"primaryImageOfPage":{"@id":"https:\/\/afonte.org.br\/site\/campanha-da-femama-convoca-populacao-a-aumentar-possibilidades-de-tratamento-de-cancer-de-mama-no-sus\/#primaryimage"},"image":{"@id":"https:\/\/afonte.org.br\/site\/campanha-da-femama-convoca-populacao-a-aumentar-possibilidades-de-tratamento-de-cancer-de-mama-no-sus\/#primaryimage"},"thumbnailUrl":"https:\/\/afonte.org.br\/site\/wp-content\/uploads\/2021\/10\/613b9f99089d5.png","datePublished":"2021-10-09T11:29:10+00:00","dateModified":"2021-10-09T12:31:53+00:00","breadcrumb":{"@id":"https:\/\/afonte.org.br\/site\/campanha-da-femama-convoca-populacao-a-aumentar-possibilidades-de-tratamento-de-cancer-de-mama-no-sus\/#breadcrumb"},"inLanguage":"pt-BR","potentialAction":[{"@type":"ReadAction","target":["https:\/\/afonte.org.br\/site\/campanha-da-femama-convoca-populacao-a-aumentar-possibilidades-de-tratamento-de-cancer-de-mama-no-sus\/"]}]},{"@type":"ImageObject","inLanguage":"pt-BR","@id":"https:\/\/afonte.org.br\/site\/campanha-da-femama-convoca-populacao-a-aumentar-possibilidades-de-tratamento-de-cancer-de-mama-no-sus\/#primaryimage","url":"https:\/\/afonte.org.br\/site\/wp-content\/uploads\/2021\/10\/613b9f99089d5.png","contentUrl":"https:\/\/afonte.org.br\/site\/wp-content\/uploads\/2021\/10\/613b9f99089d5.png","width":400,"height":200},{"@type":"BreadcrumbList","@id":"https:\/\/afonte.org.br\/site\/campanha-da-femama-convoca-populacao-a-aumentar-possibilidades-de-tratamento-de-cancer-de-mama-no-sus\/#breadcrumb","itemListElement":[{"@type":"ListItem","position":1,"name":"In\u00edcio","item":"https:\/\/afonte.org.br\/site\/"},{"@type":"ListItem","position":2,"name":"Campanha convoca popula\u00e7\u00e3o a aumentar possibilidades de tratamento de c\u00e2ncer de mama no SUS"}]},{"@type":"WebSite","@id":"https:\/\/afonte.org.br\/site\/#website","url":"https:\/\/afonte.org.br\/site\/","name":"Funda\u00e7\u00e3o Maria Carvalho Santos","description":"\u201cSe voc\u00ea tem c\u00e2ncer de mama, n\u00f3s ajudamos voc\u00ea, mas se voc\u00ea n\u00e3o tem, ajude a gente\u201d!","publisher":{"@id":"https:\/\/afonte.org.br\/site\/#organization"},"potentialAction":[{"@type":"SearchAction","target":{"@type":"EntryPoint","urlTemplate":"https:\/\/afonte.org.br\/site\/?s={search_term_string}"},"query-input":{"@type":"PropertyValueSpecification","valueRequired":true,"valueName":"search_term_string"}}],"inLanguage":"pt-BR"},{"@type":"Organization","@id":"https:\/\/afonte.org.br\/site\/#organization","name":"Funda\u00e7\u00e3o Maria Carvalho Santos","url":"https:\/\/afonte.org.br\/site\/","logo":{"@type":"ImageObject","inLanguage":"pt-BR","@id":"https:\/\/afonte.org.br\/site\/#\/schema\/logo\/image\/","url":"https:\/\/afonte.org.br\/site\/wp-content\/uploads\/2021\/10\/logomarca_fundacao2.fw_.png","contentUrl":"https:\/\/afonte.org.br\/site\/wp-content\/uploads\/2021\/10\/logomarca_fundacao2.fw_.png","width":200,"height":73,"caption":"Funda\u00e7\u00e3o Maria Carvalho Santos"},"image":{"@id":"https:\/\/afonte.org.br\/site\/#\/schema\/logo\/image\/"},"sameAs":["https:\/\/www.facebook.com\/fundacaomariacarvalhosantos\/","https:\/\/x.com\/fundacaomaria","https:\/\/www.instagram.com\/fundacaomariacarvalho\/?hl=pt-br","https:\/\/www.youtube.com\/channel\/UCThs6_9MYv6ms6ciEHDKXrA"]},{"@type":"Person","@id":"https:\/\/afonte.org.br\/site\/#\/schema\/person\/d5464c99acebd87d15901044d6a19b06","name":"rogerbezerra","image":{"@type":"ImageObject","inLanguage":"pt-BR","@id":"https:\/\/afonte.org.br\/site\/#\/schema\/person\/image\/","url":"https:\/\/secure.gravatar.com\/avatar\/3d1043775cda1d91d725491548f9b3a0909638e5fcbd418ee6b285ebfaa2ae59?s=96&d=mm&r=g","contentUrl":"https:\/\/secure.gravatar.com\/avatar\/3d1043775cda1d91d725491548f9b3a0909638e5fcbd418ee6b285ebfaa2ae59?s=96&d=mm&r=g","caption":"rogerbezerra"},"sameAs":["https:\/\/afonte.org.br\/site"],"url":"https:\/\/afonte.org.br\/site\/author\/rogerbezerra\/"}]}},"_links":{"self":[{"href":"https:\/\/afonte.org.br\/site\/wp-json\/wp\/v2\/posts\/219","targetHints":{"allow":["GET"]}}],"collection":[{"href":"https:\/\/afonte.org.br\/site\/wp-json\/wp\/v2\/posts"}],"about":[{"href":"https:\/\/afonte.org.br\/site\/wp-json\/wp\/v2\/types\/post"}],"author":[{"embeddable":true,"href":"https:\/\/afonte.org.br\/site\/wp-json\/wp\/v2\/users\/1"}],"replies":[{"embeddable":true,"href":"https:\/\/afonte.org.br\/site\/wp-json\/wp\/v2\/comments?post=219"}],"version-history":[{"count":2,"href":"https:\/\/afonte.org.br\/site\/wp-json\/wp\/v2\/posts\/219\/revisions"}],"predecessor-version":[{"id":279,"href":"https:\/\/afonte.org.br\/site\/wp-json\/wp\/v2\/posts\/219\/revisions\/279"}],"wp:featuredmedia":[{"embeddable":true,"href":"https:\/\/afonte.org.br\/site\/wp-json\/wp\/v2\/media\/220"}],"wp:attachment":[{"href":"https:\/\/afonte.org.br\/site\/wp-json\/wp\/v2\/media?parent=219"}],"wp:term":[{"taxonomy":"category","embeddable":true,"href":"https:\/\/afonte.org.br\/site\/wp-json\/wp\/v2\/categories?post=219"},{"taxonomy":"post_tag","embeddable":true,"href":"https:\/\/afonte.org.br\/site\/wp-json\/wp\/v2\/tags?post=219"}],"curies":[{"name":"wp","href":"https:\/\/api.w.org\/{rel}","templated":true}]}}