{"id":452,"date":"2021-10-10T07:39:13","date_gmt":"2021-10-10T10:39:13","guid":{"rendered":"https:\/\/afonte.org.br\/site\/?p=452"},"modified":"2021-10-10T07:39:13","modified_gmt":"2021-10-10T10:39:13","slug":"outubro-rosa-campanha-da-femama-traz-as-novas-3-perguntas-que-salvam","status":"publish","type":"post","link":"https:\/\/afonte.org.br\/site\/outubro-rosa-campanha-da-femama-traz-as-novas-3-perguntas-que-salvam\/","title":{"rendered":"Outubro Rosa: campanha da FEMAMA traz as novas 3 perguntas que salvam"},"content":{"rendered":"\n<p>A FEMAMA \u2013 Federa\u00e7\u00e3o Brasileira de Institui\u00e7\u00f5es Filantr\u00f3picas de Apoio \u00e0 Sa\u00fade da Mama, uma associa\u00e7\u00e3o civil sem fins econ\u00f4micos, foi a entidade respons\u00e1vel por trazer de forma organizada o Outubro Rosa para o Brasil, em 2008. A cada ano, quase 66 mil novos casos de c\u00e2ncer de mama s\u00e3o diagnosticados no pa\u00eds, de acordo com o Inca \u2013 Instituto Nacional do C\u00e2ncer. A FEMAMA acredita que \u00e9 poss\u00edvel mudar esse cen\u00e1rio por meio de pol\u00edticas p\u00fablicas eficazes, que proporcionem acesso a diagn\u00f3stico \u00e1gil e tratamento adequado. Luta por esses direitos h\u00e1 15 anos a fim de alertar as mulheres sobre a doen\u00e7a.&nbsp;<\/p>\n\n\n\n<p>Se, no in\u00edcio, as a\u00e7\u00f5es do Outubro Rosa consistiam na ilumina\u00e7\u00e3o rosa de monumentos em diversas cidades, nos \u00faltimos anos decidiu ir al\u00e9m da conscientiza\u00e7\u00e3o, partindo para a a\u00e7\u00e3o.&nbsp;<\/p>\n\n\n\n<p>Desenvolveu uma campanha com perguntas de impacto &#8211;&nbsp;<strong>\u201c<a href=\"https:\/\/3perguntasquesalvam.femama.org.br\/\" target=\"_blank\" rel=\"noreferrer noopener\">3 perguntas que salvam #perguntapraela<\/a>\u201d<\/strong>&nbsp;\u2013 que vai al\u00e9m das mulheres e busca envolver toda a sociedade, inclusive os homens, para expandir a conversa tamb\u00e9m para quem est\u00e1 ao redor delas. Fazer as \u201c3 perguntas que salvam\u201d pode preservar muitas vidas. As perguntas deste ano s\u00e3o:&nbsp;<\/p>\n\n\n\n<p><a href=\"https:\/\/3perguntasquesalvam.femama.org.br\/\" target=\"_blank\" rel=\"noreferrer noopener\"><strong>1. Voc\u00ea j\u00e1 fez sua mamografia este ano?&nbsp;<\/strong><\/a><\/p>\n\n\n\n<p><a href=\"https:\/\/3perguntasquesalvam.femama.org.br\/\" target=\"_blank\" rel=\"noreferrer noopener\"><strong>2. Voc\u00ea tem controlado seu peso?&nbsp;<\/strong><\/a><\/p>\n\n\n\n<p><a href=\"https:\/\/3perguntasquesalvam.femama.org.br\/\" target=\"_blank\" rel=\"noreferrer noopener\"><strong>3. Voc\u00ea tem feito atividade f\u00edsica regularmente?&nbsp;<\/strong><\/a><\/p>\n\n\n\n<p>O exame de imagem, peso adequado e atividade f\u00edsica, como se sabe, s\u00e3o passos importantes para evitar c\u00e2ncer avan\u00e7ado e diminuir o risco para c\u00e2ncer de mama. Por isso, este ano a FEMAMA d\u00e1 \u00eanfase a essas perguntas que \u2013 feitas e praticadas \u2013 empoderam a sociedade no cuidado de sua pr\u00f3pria sa\u00fade.&nbsp;&nbsp;&nbsp;<\/p>\n\n\n\n<p>A campanha tem como logotipo o n\u00famero 3, que ganhou forma de mama e se tornou um \u00edcone que vai permear tudo que se relaciona a c\u00e2ncer de mama no Brasil. Com diagn\u00f3stico precoce, as mulheres t\u00eam at\u00e9 95% de chance de cura. &nbsp;A presidente volunt\u00e1ria da FEMAMA e Chefe do Servi\u00e7o de Mastologia do Hospital Moinhos de Vento, em Porto Alegre, Dra. Maira Caleffi, , lembra tamb\u00e9m que o autocuidado e a busca pelo conhecimento dos fatores de risco da doen\u00e7a s\u00e3o importantes para aumentar a probabilidade de cura.&nbsp;<\/p>\n\n\n\n<p>Este ano, para dar mais visibilidade \u00e0 preven\u00e7\u00e3o do c\u00e2ncer de mama, a FEMAMA ter\u00e1 a\u00e7\u00f5es em S\u00e3o Paulo, Porto Alegre, Rio de Janeiro e Recife. Em S\u00e3o Paulo, montar\u00e1 um espa\u00e7o na Esta\u00e7\u00e3o Barra Funda com suti\u00e3s customizados. No dia 15 de outubro, quem passar por l\u00e1 poder\u00e1 contribuir com a customiza\u00e7\u00e3o das pe\u00e7as e receber informa\u00e7\u00f5es sobre o combate ao c\u00e2ncer de mama. Em Porto Alegre a a\u00e7\u00e3o ser\u00e1 em 16 de outubro, na Orla do Gua\u00edba, onde ser\u00e1 instalado um bal\u00e3o infl\u00e1vel de 5 metros de altura na forma do n\u00famero 3, que \u00e9 s\u00edmbolo da campanha, alus\u00e3o \u00e0s \u201ctr\u00eas perguntas que salvam\u201d. No Rio e em Recife as datas e locais ainda est\u00e3o sendo acertadas.&nbsp;<\/p>\n\n\n\n<p>Lembrando que a cada ano o Brasil registra 66 mil novos casos de c\u00e2ncer de mama, a presidente da FEMAMA alerta: \u201cIsso representa que uma em cada 12 mulheres teve c\u00e2ncer de mama. As brasileiras j\u00e1 conhecem o que \u00e9 o c\u00e2ncer de mama e j\u00e1 ouviram falar sobre a mamografia, mas temos de aumentar a cultura do autoconhecimento, do acompanhamento m\u00e9dico anual e da realiza\u00e7\u00e3o dos exames de imagem. Precisamos incentivar o diagn\u00f3stico precoce para salvar milhares de m\u00e3es, esposas, filhas, amigas\u201d, explica Dra. Maira Caleffi, que \u00e9 mastologista.&nbsp;<\/p>\n\n\n\n<p><strong>Luta por direitos de pacientes continua&nbsp;<\/strong><\/p>\n\n\n\n<p>Durante a campanha, a FEMAMA continuar\u00e1 em sua luta por diagn\u00f3stico precoce e tratamento adequado. Seus alvos, atualmente, s\u00e3o a cont\u00ednua luta pela inclus\u00e3o de novas tecnologias e drogas no SUS e rol da ANS, vota\u00e7\u00e3o do Projeto de Lei 265 \u2013 que busca garantir acesso aos testes gen\u00e9ticos heredit\u00e1rios e gen\u00f4micos tumorais para preven\u00e7\u00e3o, diagn\u00f3stico e personaliza\u00e7\u00e3o do tratamento \u2013 e aplica\u00e7\u00e3o e fiscaliza\u00e7\u00e3o da Portaria 3712\/20, do Minist\u00e9rio da Sa\u00fade. A portaria do MS \u201cinstitui, em car\u00e1ter excepcional, incentivo financeiro federal de custeio para o fortalecimento do acesso \u00e0s a\u00e7\u00f5es integradas para rastreamento, detec\u00e7\u00e3o precoce e controle do C\u00e2ncer no Sistema \u00danico de Sa\u00fade\u201d para os estados utilizarem ou repassarem aos munic\u00edpios. O incentivo \u00e9 de R$ 150 milh\u00f5es. Esta verba deve ser usada o quanto antes, pois o que n\u00e3o for utilizado retornar\u00e1 ao Tesouro. Portanto, o desafio \u00e9 que os gestores de sa\u00fade consigam usar este recurso para o rastreamento de c\u00e2ncer mama e diagn\u00f3stico precoce o quanto antes.&nbsp;<\/p>\n\n\n\n<p><strong>Marcas se unem em a\u00e7\u00f5es on e offline &nbsp;<\/strong><\/p>\n\n\n\n<p><strong>INVESTIMENTO SOCIAL:<\/strong>&nbsp;AstraZeneca, Biomm, Bionovis\/Samsung Bioepis, Condor, Daiichi Sankyo, Libbs, Lilly, Mars, Mentor, MSD, Novartis, Pfizer, Roche, Sanofi, Umbro e United Medical.&nbsp;<\/p>\n\n\n\n<p><strong>APOIO:<\/strong>&nbsp;Bio-Manguinhos Fiocruz&nbsp;<\/p>\n\n\n\n<p><strong>APOIO INSTITUCIONAL<\/strong>: AME, CDD e Todos Juntos Contra o C\u00e2ncer&nbsp;<\/p>\n\n\n\n<p><strong>PARCEIROS:<\/strong><\/p>\n\n\n\n<p>Umbro:&nbsp; No segundo ano de parceria, a marca participar\u00e1 ativamente em conjunto com a FEMAMA, al\u00e9m de reverter parte das vendas de uma cole\u00e7\u00e3o especial que ser\u00e1 lan\u00e7ada no dia 1 de outubro, a Umbro tamb\u00e9m produziu uma camisa exclusiva para o \u201ctime FEMAMA\u201d, que ser\u00e1 enviada para influenciadores e celebridades que para divulga\u00e7\u00e3o voluntariamente a causa.<\/p>\n\n\n\n<p>Mars\/M&amp;M\u2019s: Marca lan\u00e7a edi\u00e7\u00e3o especial do seu produto M&amp;M&#8217;s Chocolate com as lentilhas na cor rosa com doa\u00e7\u00e3o para a FEMAMA.&nbsp;<\/p>\n\n\n\n<p>TikTok: A plataforma apoia a campanha com divulga\u00e7\u00e3o de banner na p\u00e1gina inicial de descoberta e dissemina\u00e7\u00e3o de conte\u00fado informativo por meio de uma agenda de lives durante o m\u00eas com o intuito de incluir e engajar o p\u00fablico mais jovem.&nbsp;<\/p>\n\n\n\n<p>Condor: A companhia lan\u00e7a a nona edi\u00e7\u00e3o da campanha em parceria com a FEMAMA com a vers\u00e3o especial da Vassoura Outubro Rosa com parte do valor das vendas destinada \u00e0 FEMAMA.&nbsp;<\/p>\n\n\n\n<p>VLT Carioca: Doa\u00e7\u00e3o de espa\u00e7os de m\u00eddia no VLT do Rio de Janeiro, al\u00e9m de divulga\u00e7\u00f5es em m\u00eddias sociais.&nbsp;<\/p>\n\n\n\n<p>Shoulder: A marca ir\u00e1 aderir \u00e0 campanha em suas m\u00eddias sociais, al\u00e9m de fazer doa\u00e7\u00e3o \u00e0 FEMAMA.&nbsp;<\/p>\n\n\n\n<p>Noviole: A marca ir\u00e1 replicar a campanha em suas m\u00eddias sociais e fazer a revers\u00e3o de venda dos produtos do seu site.&nbsp;<\/p>\n\n\n\n<p>Favorita: Camisetas pr\u00f3prias com porcentagem das vendas revertida para a FEMAMA, al\u00e9m da divulga\u00e7\u00e3o nas m\u00eddias sociais e cat\u00e1logo digital;&nbsp;<\/p>\n\n\n\n<p>Rebeca Nemer Brand: Divulga\u00e7\u00e3o da campanha nas m\u00eddias sociais da marca e da criadora, Rebeca Nemer, al\u00e9m de doa\u00e7\u00e3o \u00e0 FEMAMA.&nbsp;<\/p>\n\n\n\n<p>Al\u00e9m de diversos outros parceiros que ir\u00e3o disseminar o conte\u00fado da campanha internamente ou por meio de suas m\u00eddias sociais durante o m\u00eas de Outubro que podem ser conferidos em&nbsp;<a href=\"http:\/\/3perguntasquesalvam.femama.org.br\/\" target=\"_blank\" rel=\"noreferrer noopener\">3perguntasquesalvam.femama.org.br<\/a>.&nbsp;<\/p>\n","protected":false},"excerpt":{"rendered":"<p>A FEMAMA \u2013 Federa\u00e7\u00e3o Brasileira de Institui\u00e7\u00f5es Filantr\u00f3picas de Apoio \u00e0 Sa\u00fade da Mama, uma associa\u00e7\u00e3o civil sem fins econ\u00f4micos, foi a entidade respons\u00e1vel por trazer de forma organizada o Outubro Rosa para o Brasil, em 2008. A cada ano, quase 66 mil novos casos de c\u00e2ncer de mama s\u00e3o diagnosticados no pa\u00eds, de acordo [&hellip;]<\/p>\n","protected":false},"author":1,"featured_media":453,"comment_status":"open","ping_status":"open","sticky":false,"template":"","format":"standard","meta":{"footnotes":""},"categories":[1],"tags":[],"class_list":["post-452","post","type-post","status-publish","format-standard","has-post-thumbnail","hentry","category-noticias"],"yoast_head":"<!-- This site is optimized with the Yoast SEO plugin v26.4 - https:\/\/yoast.com\/wordpress\/plugins\/seo\/ -->\n<title>Outubro Rosa: campanha da FEMAMA traz as novas 3 perguntas que salvam - Funda\u00e7\u00e3o Maria Carvalho Santos<\/title>\n<meta name=\"robots\" content=\"index, follow, max-snippet:-1, max-image-preview:large, max-video-preview:-1\" \/>\n<link rel=\"canonical\" href=\"https:\/\/afonte.org.br\/site\/outubro-rosa-campanha-da-femama-traz-as-novas-3-perguntas-que-salvam\/\" \/>\n<meta property=\"og:locale\" content=\"pt_BR\" \/>\n<meta property=\"og:type\" content=\"article\" \/>\n<meta property=\"og:title\" content=\"Outubro Rosa: campanha da FEMAMA traz as novas 3 perguntas que salvam - Funda\u00e7\u00e3o Maria Carvalho Santos\" \/>\n<meta property=\"og:description\" content=\"A FEMAMA \u2013 Federa\u00e7\u00e3o Brasileira de Institui\u00e7\u00f5es Filantr\u00f3picas de Apoio \u00e0 Sa\u00fade da Mama, uma associa\u00e7\u00e3o civil sem fins econ\u00f4micos, foi a entidade respons\u00e1vel por trazer de forma organizada o Outubro Rosa para o Brasil, em 2008. A cada ano, quase 66 mil novos casos de c\u00e2ncer de mama s\u00e3o diagnosticados no pa\u00eds, de acordo [&hellip;]\" \/>\n<meta property=\"og:url\" content=\"https:\/\/afonte.org.br\/site\/outubro-rosa-campanha-da-femama-traz-as-novas-3-perguntas-que-salvam\/\" \/>\n<meta property=\"og:site_name\" content=\"Funda\u00e7\u00e3o Maria Carvalho Santos\" \/>\n<meta property=\"article:publisher\" content=\"https:\/\/www.facebook.com\/fundacaomariacarvalhosantos\/\" \/>\n<meta property=\"article:published_time\" content=\"2021-10-10T10:39:13+00:00\" \/>\n<meta property=\"og:image\" content=\"https:\/\/afonte.org.br\/site\/wp-content\/uploads\/2021\/10\/615672eb7b7f2.webp\" \/>\n\t<meta property=\"og:image:width\" content=\"600\" \/>\n\t<meta property=\"og:image:height\" content=\"338\" \/>\n\t<meta property=\"og:image:type\" content=\"image\/webp\" \/>\n<meta name=\"author\" content=\"rogerbezerra\" \/>\n<meta name=\"twitter:card\" content=\"summary_large_image\" \/>\n<meta name=\"twitter:creator\" content=\"@fundacaomaria\" \/>\n<meta name=\"twitter:site\" content=\"@fundacaomaria\" \/>\n<meta name=\"twitter:label1\" content=\"Escrito por\" \/>\n\t<meta name=\"twitter:data1\" content=\"rogerbezerra\" \/>\n\t<meta name=\"twitter:label2\" content=\"Est. tempo de leitura\" \/>\n\t<meta name=\"twitter:data2\" content=\"6 minutos\" \/>\n<script type=\"application\/ld+json\" class=\"yoast-schema-graph\">{\"@context\":\"https:\/\/schema.org\",\"@graph\":[{\"@type\":\"Article\",\"@id\":\"https:\/\/afonte.org.br\/site\/outubro-rosa-campanha-da-femama-traz-as-novas-3-perguntas-que-salvam\/#article\",\"isPartOf\":{\"@id\":\"https:\/\/afonte.org.br\/site\/outubro-rosa-campanha-da-femama-traz-as-novas-3-perguntas-que-salvam\/\"},\"author\":{\"name\":\"rogerbezerra\",\"@id\":\"https:\/\/afonte.org.br\/site\/#\/schema\/person\/d5464c99acebd87d15901044d6a19b06\"},\"headline\":\"Outubro Rosa: campanha da FEMAMA traz as novas 3 perguntas que salvam\",\"datePublished\":\"2021-10-10T10:39:13+00:00\",\"mainEntityOfPage\":{\"@id\":\"https:\/\/afonte.org.br\/site\/outubro-rosa-campanha-da-femama-traz-as-novas-3-perguntas-que-salvam\/\"},\"wordCount\":1208,\"commentCount\":0,\"publisher\":{\"@id\":\"https:\/\/afonte.org.br\/site\/#organization\"},\"image\":{\"@id\":\"https:\/\/afonte.org.br\/site\/outubro-rosa-campanha-da-femama-traz-as-novas-3-perguntas-que-salvam\/#primaryimage\"},\"thumbnailUrl\":\"https:\/\/afonte.org.br\/site\/wp-content\/uploads\/2021\/10\/615672eb7b7f2.webp\",\"articleSection\":[\"Not\u00edcias\"],\"inLanguage\":\"pt-BR\",\"potentialAction\":[{\"@type\":\"CommentAction\",\"name\":\"Comment\",\"target\":[\"https:\/\/afonte.org.br\/site\/outubro-rosa-campanha-da-femama-traz-as-novas-3-perguntas-que-salvam\/#respond\"]}]},{\"@type\":\"WebPage\",\"@id\":\"https:\/\/afonte.org.br\/site\/outubro-rosa-campanha-da-femama-traz-as-novas-3-perguntas-que-salvam\/\",\"url\":\"https:\/\/afonte.org.br\/site\/outubro-rosa-campanha-da-femama-traz-as-novas-3-perguntas-que-salvam\/\",\"name\":\"Outubro Rosa: campanha da FEMAMA traz as novas 3 perguntas que salvam - Funda\u00e7\u00e3o Maria Carvalho Santos\",\"isPartOf\":{\"@id\":\"https:\/\/afonte.org.br\/site\/#website\"},\"primaryImageOfPage\":{\"@id\":\"https:\/\/afonte.org.br\/site\/outubro-rosa-campanha-da-femama-traz-as-novas-3-perguntas-que-salvam\/#primaryimage\"},\"image\":{\"@id\":\"https:\/\/afonte.org.br\/site\/outubro-rosa-campanha-da-femama-traz-as-novas-3-perguntas-que-salvam\/#primaryimage\"},\"thumbnailUrl\":\"https:\/\/afonte.org.br\/site\/wp-content\/uploads\/2021\/10\/615672eb7b7f2.webp\",\"datePublished\":\"2021-10-10T10:39:13+00:00\",\"breadcrumb\":{\"@id\":\"https:\/\/afonte.org.br\/site\/outubro-rosa-campanha-da-femama-traz-as-novas-3-perguntas-que-salvam\/#breadcrumb\"},\"inLanguage\":\"pt-BR\",\"potentialAction\":[{\"@type\":\"ReadAction\",\"target\":[\"https:\/\/afonte.org.br\/site\/outubro-rosa-campanha-da-femama-traz-as-novas-3-perguntas-que-salvam\/\"]}]},{\"@type\":\"ImageObject\",\"inLanguage\":\"pt-BR\",\"@id\":\"https:\/\/afonte.org.br\/site\/outubro-rosa-campanha-da-femama-traz-as-novas-3-perguntas-que-salvam\/#primaryimage\",\"url\":\"https:\/\/afonte.org.br\/site\/wp-content\/uploads\/2021\/10\/615672eb7b7f2.webp\",\"contentUrl\":\"https:\/\/afonte.org.br\/site\/wp-content\/uploads\/2021\/10\/615672eb7b7f2.webp\",\"width\":600,\"height\":338},{\"@type\":\"BreadcrumbList\",\"@id\":\"https:\/\/afonte.org.br\/site\/outubro-rosa-campanha-da-femama-traz-as-novas-3-perguntas-que-salvam\/#breadcrumb\",\"itemListElement\":[{\"@type\":\"ListItem\",\"position\":1,\"name\":\"In\u00edcio\",\"item\":\"https:\/\/afonte.org.br\/site\/\"},{\"@type\":\"ListItem\",\"position\":2,\"name\":\"Outubro Rosa: campanha da FEMAMA traz as novas 3 perguntas que salvam\"}]},{\"@type\":\"WebSite\",\"@id\":\"https:\/\/afonte.org.br\/site\/#website\",\"url\":\"https:\/\/afonte.org.br\/site\/\",\"name\":\"Funda\u00e7\u00e3o Maria Carvalho Santos\",\"description\":\"\u201cSe voc\u00ea tem c\u00e2ncer de mama, n\u00f3s ajudamos voc\u00ea, mas se voc\u00ea n\u00e3o tem, ajude a gente\u201d!\",\"publisher\":{\"@id\":\"https:\/\/afonte.org.br\/site\/#organization\"},\"potentialAction\":[{\"@type\":\"SearchAction\",\"target\":{\"@type\":\"EntryPoint\",\"urlTemplate\":\"https:\/\/afonte.org.br\/site\/?s={search_term_string}\"},\"query-input\":{\"@type\":\"PropertyValueSpecification\",\"valueRequired\":true,\"valueName\":\"search_term_string\"}}],\"inLanguage\":\"pt-BR\"},{\"@type\":\"Organization\",\"@id\":\"https:\/\/afonte.org.br\/site\/#organization\",\"name\":\"Funda\u00e7\u00e3o Maria Carvalho Santos\",\"url\":\"https:\/\/afonte.org.br\/site\/\",\"logo\":{\"@type\":\"ImageObject\",\"inLanguage\":\"pt-BR\",\"@id\":\"https:\/\/afonte.org.br\/site\/#\/schema\/logo\/image\/\",\"url\":\"https:\/\/afonte.org.br\/site\/wp-content\/uploads\/2021\/10\/logomarca_fundacao2.fw_.png\",\"contentUrl\":\"https:\/\/afonte.org.br\/site\/wp-content\/uploads\/2021\/10\/logomarca_fundacao2.fw_.png\",\"width\":200,\"height\":73,\"caption\":\"Funda\u00e7\u00e3o Maria Carvalho Santos\"},\"image\":{\"@id\":\"https:\/\/afonte.org.br\/site\/#\/schema\/logo\/image\/\"},\"sameAs\":[\"https:\/\/www.facebook.com\/fundacaomariacarvalhosantos\/\",\"https:\/\/x.com\/fundacaomaria\",\"https:\/\/www.instagram.com\/fundacaomariacarvalho\/?hl=pt-br\",\"https:\/\/www.youtube.com\/channel\/UCThs6_9MYv6ms6ciEHDKXrA\"]},{\"@type\":\"Person\",\"@id\":\"https:\/\/afonte.org.br\/site\/#\/schema\/person\/d5464c99acebd87d15901044d6a19b06\",\"name\":\"rogerbezerra\",\"image\":{\"@type\":\"ImageObject\",\"inLanguage\":\"pt-BR\",\"@id\":\"https:\/\/afonte.org.br\/site\/#\/schema\/person\/image\/\",\"url\":\"https:\/\/secure.gravatar.com\/avatar\/3d1043775cda1d91d725491548f9b3a0909638e5fcbd418ee6b285ebfaa2ae59?s=96&d=mm&r=g\",\"contentUrl\":\"https:\/\/secure.gravatar.com\/avatar\/3d1043775cda1d91d725491548f9b3a0909638e5fcbd418ee6b285ebfaa2ae59?s=96&d=mm&r=g\",\"caption\":\"rogerbezerra\"},\"sameAs\":[\"https:\/\/afonte.org.br\/site\"],\"url\":\"https:\/\/afonte.org.br\/site\/author\/rogerbezerra\/\"}]}<\/script>\n<!-- \/ Yoast SEO plugin. -->","yoast_head_json":{"title":"Outubro Rosa: campanha da FEMAMA traz as novas 3 perguntas que salvam - Funda\u00e7\u00e3o Maria Carvalho Santos","robots":{"index":"index","follow":"follow","max-snippet":"max-snippet:-1","max-image-preview":"max-image-preview:large","max-video-preview":"max-video-preview:-1"},"canonical":"https:\/\/afonte.org.br\/site\/outubro-rosa-campanha-da-femama-traz-as-novas-3-perguntas-que-salvam\/","og_locale":"pt_BR","og_type":"article","og_title":"Outubro Rosa: campanha da FEMAMA traz as novas 3 perguntas que salvam - Funda\u00e7\u00e3o Maria Carvalho Santos","og_description":"A FEMAMA \u2013 Federa\u00e7\u00e3o Brasileira de Institui\u00e7\u00f5es Filantr\u00f3picas de Apoio \u00e0 Sa\u00fade da Mama, uma associa\u00e7\u00e3o civil sem fins econ\u00f4micos, foi a entidade respons\u00e1vel por trazer de forma organizada o Outubro Rosa para o Brasil, em 2008. A cada ano, quase 66 mil novos casos de c\u00e2ncer de mama s\u00e3o diagnosticados no pa\u00eds, de acordo [&hellip;]","og_url":"https:\/\/afonte.org.br\/site\/outubro-rosa-campanha-da-femama-traz-as-novas-3-perguntas-que-salvam\/","og_site_name":"Funda\u00e7\u00e3o Maria Carvalho Santos","article_publisher":"https:\/\/www.facebook.com\/fundacaomariacarvalhosantos\/","article_published_time":"2021-10-10T10:39:13+00:00","og_image":[{"width":600,"height":338,"url":"https:\/\/afonte.org.br\/site\/wp-content\/uploads\/2021\/10\/615672eb7b7f2.webp","type":"image\/webp"}],"author":"rogerbezerra","twitter_card":"summary_large_image","twitter_creator":"@fundacaomaria","twitter_site":"@fundacaomaria","twitter_misc":{"Escrito por":"rogerbezerra","Est. tempo de leitura":"6 minutos"},"schema":{"@context":"https:\/\/schema.org","@graph":[{"@type":"Article","@id":"https:\/\/afonte.org.br\/site\/outubro-rosa-campanha-da-femama-traz-as-novas-3-perguntas-que-salvam\/#article","isPartOf":{"@id":"https:\/\/afonte.org.br\/site\/outubro-rosa-campanha-da-femama-traz-as-novas-3-perguntas-que-salvam\/"},"author":{"name":"rogerbezerra","@id":"https:\/\/afonte.org.br\/site\/#\/schema\/person\/d5464c99acebd87d15901044d6a19b06"},"headline":"Outubro Rosa: campanha da FEMAMA traz as novas 3 perguntas que salvam","datePublished":"2021-10-10T10:39:13+00:00","mainEntityOfPage":{"@id":"https:\/\/afonte.org.br\/site\/outubro-rosa-campanha-da-femama-traz-as-novas-3-perguntas-que-salvam\/"},"wordCount":1208,"commentCount":0,"publisher":{"@id":"https:\/\/afonte.org.br\/site\/#organization"},"image":{"@id":"https:\/\/afonte.org.br\/site\/outubro-rosa-campanha-da-femama-traz-as-novas-3-perguntas-que-salvam\/#primaryimage"},"thumbnailUrl":"https:\/\/afonte.org.br\/site\/wp-content\/uploads\/2021\/10\/615672eb7b7f2.webp","articleSection":["Not\u00edcias"],"inLanguage":"pt-BR","potentialAction":[{"@type":"CommentAction","name":"Comment","target":["https:\/\/afonte.org.br\/site\/outubro-rosa-campanha-da-femama-traz-as-novas-3-perguntas-que-salvam\/#respond"]}]},{"@type":"WebPage","@id":"https:\/\/afonte.org.br\/site\/outubro-rosa-campanha-da-femama-traz-as-novas-3-perguntas-que-salvam\/","url":"https:\/\/afonte.org.br\/site\/outubro-rosa-campanha-da-femama-traz-as-novas-3-perguntas-que-salvam\/","name":"Outubro Rosa: campanha da FEMAMA traz as novas 3 perguntas que salvam - Funda\u00e7\u00e3o Maria Carvalho Santos","isPartOf":{"@id":"https:\/\/afonte.org.br\/site\/#website"},"primaryImageOfPage":{"@id":"https:\/\/afonte.org.br\/site\/outubro-rosa-campanha-da-femama-traz-as-novas-3-perguntas-que-salvam\/#primaryimage"},"image":{"@id":"https:\/\/afonte.org.br\/site\/outubro-rosa-campanha-da-femama-traz-as-novas-3-perguntas-que-salvam\/#primaryimage"},"thumbnailUrl":"https:\/\/afonte.org.br\/site\/wp-content\/uploads\/2021\/10\/615672eb7b7f2.webp","datePublished":"2021-10-10T10:39:13+00:00","breadcrumb":{"@id":"https:\/\/afonte.org.br\/site\/outubro-rosa-campanha-da-femama-traz-as-novas-3-perguntas-que-salvam\/#breadcrumb"},"inLanguage":"pt-BR","potentialAction":[{"@type":"ReadAction","target":["https:\/\/afonte.org.br\/site\/outubro-rosa-campanha-da-femama-traz-as-novas-3-perguntas-que-salvam\/"]}]},{"@type":"ImageObject","inLanguage":"pt-BR","@id":"https:\/\/afonte.org.br\/site\/outubro-rosa-campanha-da-femama-traz-as-novas-3-perguntas-que-salvam\/#primaryimage","url":"https:\/\/afonte.org.br\/site\/wp-content\/uploads\/2021\/10\/615672eb7b7f2.webp","contentUrl":"https:\/\/afonte.org.br\/site\/wp-content\/uploads\/2021\/10\/615672eb7b7f2.webp","width":600,"height":338},{"@type":"BreadcrumbList","@id":"https:\/\/afonte.org.br\/site\/outubro-rosa-campanha-da-femama-traz-as-novas-3-perguntas-que-salvam\/#breadcrumb","itemListElement":[{"@type":"ListItem","position":1,"name":"In\u00edcio","item":"https:\/\/afonte.org.br\/site\/"},{"@type":"ListItem","position":2,"name":"Outubro Rosa: campanha da FEMAMA traz as novas 3 perguntas que salvam"}]},{"@type":"WebSite","@id":"https:\/\/afonte.org.br\/site\/#website","url":"https:\/\/afonte.org.br\/site\/","name":"Funda\u00e7\u00e3o Maria Carvalho Santos","description":"\u201cSe voc\u00ea tem c\u00e2ncer de mama, n\u00f3s ajudamos voc\u00ea, mas se voc\u00ea n\u00e3o tem, ajude a gente\u201d!","publisher":{"@id":"https:\/\/afonte.org.br\/site\/#organization"},"potentialAction":[{"@type":"SearchAction","target":{"@type":"EntryPoint","urlTemplate":"https:\/\/afonte.org.br\/site\/?s={search_term_string}"},"query-input":{"@type":"PropertyValueSpecification","valueRequired":true,"valueName":"search_term_string"}}],"inLanguage":"pt-BR"},{"@type":"Organization","@id":"https:\/\/afonte.org.br\/site\/#organization","name":"Funda\u00e7\u00e3o Maria Carvalho Santos","url":"https:\/\/afonte.org.br\/site\/","logo":{"@type":"ImageObject","inLanguage":"pt-BR","@id":"https:\/\/afonte.org.br\/site\/#\/schema\/logo\/image\/","url":"https:\/\/afonte.org.br\/site\/wp-content\/uploads\/2021\/10\/logomarca_fundacao2.fw_.png","contentUrl":"https:\/\/afonte.org.br\/site\/wp-content\/uploads\/2021\/10\/logomarca_fundacao2.fw_.png","width":200,"height":73,"caption":"Funda\u00e7\u00e3o Maria Carvalho Santos"},"image":{"@id":"https:\/\/afonte.org.br\/site\/#\/schema\/logo\/image\/"},"sameAs":["https:\/\/www.facebook.com\/fundacaomariacarvalhosantos\/","https:\/\/x.com\/fundacaomaria","https:\/\/www.instagram.com\/fundacaomariacarvalho\/?hl=pt-br","https:\/\/www.youtube.com\/channel\/UCThs6_9MYv6ms6ciEHDKXrA"]},{"@type":"Person","@id":"https:\/\/afonte.org.br\/site\/#\/schema\/person\/d5464c99acebd87d15901044d6a19b06","name":"rogerbezerra","image":{"@type":"ImageObject","inLanguage":"pt-BR","@id":"https:\/\/afonte.org.br\/site\/#\/schema\/person\/image\/","url":"https:\/\/secure.gravatar.com\/avatar\/3d1043775cda1d91d725491548f9b3a0909638e5fcbd418ee6b285ebfaa2ae59?s=96&d=mm&r=g","contentUrl":"https:\/\/secure.gravatar.com\/avatar\/3d1043775cda1d91d725491548f9b3a0909638e5fcbd418ee6b285ebfaa2ae59?s=96&d=mm&r=g","caption":"rogerbezerra"},"sameAs":["https:\/\/afonte.org.br\/site"],"url":"https:\/\/afonte.org.br\/site\/author\/rogerbezerra\/"}]}},"_links":{"self":[{"href":"https:\/\/afonte.org.br\/site\/wp-json\/wp\/v2\/posts\/452","targetHints":{"allow":["GET"]}}],"collection":[{"href":"https:\/\/afonte.org.br\/site\/wp-json\/wp\/v2\/posts"}],"about":[{"href":"https:\/\/afonte.org.br\/site\/wp-json\/wp\/v2\/types\/post"}],"author":[{"embeddable":true,"href":"https:\/\/afonte.org.br\/site\/wp-json\/wp\/v2\/users\/1"}],"replies":[{"embeddable":true,"href":"https:\/\/afonte.org.br\/site\/wp-json\/wp\/v2\/comments?post=452"}],"version-history":[{"count":1,"href":"https:\/\/afonte.org.br\/site\/wp-json\/wp\/v2\/posts\/452\/revisions"}],"predecessor-version":[{"id":454,"href":"https:\/\/afonte.org.br\/site\/wp-json\/wp\/v2\/posts\/452\/revisions\/454"}],"wp:featuredmedia":[{"embeddable":true,"href":"https:\/\/afonte.org.br\/site\/wp-json\/wp\/v2\/media\/453"}],"wp:attachment":[{"href":"https:\/\/afonte.org.br\/site\/wp-json\/wp\/v2\/media?parent=452"}],"wp:term":[{"taxonomy":"category","embeddable":true,"href":"https:\/\/afonte.org.br\/site\/wp-json\/wp\/v2\/categories?post=452"},{"taxonomy":"post_tag","embeddable":true,"href":"https:\/\/afonte.org.br\/site\/wp-json\/wp\/v2\/tags?post=452"}],"curies":[{"name":"wp","href":"https:\/\/api.w.org\/{rel}","templated":true}]}}