{"id":766,"date":"2021-10-11T06:55:34","date_gmt":"2021-10-11T09:55:34","guid":{"rendered":"https:\/\/afonte.org.br\/site\/?p=766"},"modified":"2021-10-11T06:55:36","modified_gmt":"2021-10-11T09:55:36","slug":"fundacao-maria-carvalho-santos-historias-do-outubro-rosa","status":"publish","type":"post","link":"https:\/\/afonte.org.br\/site\/fundacao-maria-carvalho-santos-historias-do-outubro-rosa\/","title":{"rendered":"Funda\u00e7\u00e3o Maria Carvalho Santos: hist\u00f3rias do Outubro Rosa"},"content":{"rendered":"\n<p>Dona Maria Augusta, 85 anos, h\u00e1 53 anos venceu o c\u00e2ncer de mama. O primeiro tumor apareceu aos 23 anos, quando foi operada e retirou uma das mamas. Sete anos mais tarde, por causa de um segundo tumor, perdeu a outra. ?Fui para Fortaleza para fazer o tratamento e fui desenganada. Levei at\u00e9 a roupa para meu vel\u00f3rio, mas fui operada no dia de Nossa Senhora da Concei\u00e7\u00e3o e \u00e9 por causa dela que fiquei curada.?, conta sorridente Dona Maria Augusta. Esse \u00e9 apenas um dos casos que move os volunt\u00e1rios da Funda\u00e7\u00e3o Maria Carvalho Santos (FMCS) a lutar contra o c\u00e2ncer de mama e a promover o Outubro Rosa. Na \u00faltima sexta-feira, 23 de agosto, a FMCS lan\u00e7ou o movimento que, este ano, vai acontecer no dia 5 de outubro, \u00e0s 7 horas da manh\u00e3, no adro da Igreja S\u00e3o Benedito.<\/p>\n\n\n\n<p>O Outubro Rosa foi criado h\u00e1 14 anos na Calif\u00f3rnia e se caracteriza pela ilumina\u00e7\u00e3o de um monumento na cor rosa como forma de alertar as mulheres sobre a import\u00e2ncia de fazer seus exames m\u00e9dicos. O movimento foi implementado no Brasil em 2008 quando monumentos como o Cristo Redentor no Rio de Janeiro, \u00d3pera de Arame em Curitiba, Est\u00e1tua do Ga\u00facho em Porto Alegre, Ponte JK em Bras\u00edlia e o Teatro Amazonas em Manaus foram iluminados pela Femama &#8211; Federa\u00e7\u00e3o Brasileira de Institui\u00e7\u00f5es Filantr\u00f3picas de Apoio \u00e0 Sa\u00fade da Mama, da qual a FMCS \u00e9 titular da primeira vice-presid\u00eancia.<\/p>\n\n\n\n<p>Em Teresina, o monumento escolhido \u00e9 a Igreja S\u00e3o Benedito por sua visibilidade e significado para todos os piauienses. Este ano, no dia 30 de agosto, a igreja de S\u00e3o Jo\u00e3o Batista em S\u00e3o Jo\u00e3o do Piau\u00ed tamb\u00e9m estar\u00e1 iluminada. O movimento Outubro Rosa tem uma caracter\u00edstica singular na capital piauiense, que \u00e9 a realiza\u00e7\u00e3o de exames cl\u00ednicos e mamogr\u00e1ficos gratuitos em mulheres carentes. Para colaborar com o movimento, ser\u00e3o disponibilizados kits para a caminhada que se caracterizam por uma linda bolsa, um gloss da Avon, uma camiseta e uma sombrinha que est\u00e3o \u00e0 venda por apenas vinte reais em v\u00e1rios lugares da cidade e em um carro itinerante.<\/p>\n\n\n\n<p>As atividades do Outubro Rosa 2013, em Teresina, ser\u00e3o iniciadas no dia 5 de outubro, \u00e0s 07 horas da manh\u00e3, com a distribui\u00e7\u00e3o de senhas para exames em mulheres entre quarenta e sessenta anos de idade. Ainda na solenidade de lan\u00e7amento, a senhora V\u00e2nia Guerra Pereira da Silva foi reconduzida ao cargo de madrinha do Outubro Rosa gra\u00e7as ao seu excelente trabalho desenvolvido em prol da institui\u00e7\u00e3o. A luta pela vida, pelo diagn\u00f3stico precoce e por um tratamento digno s\u00e3o as bandeiras que essa entidade filantr\u00f3pica que promove a\u00e7\u00f5es de advocacy h\u00e1 15 anos.<\/p>\n","protected":false},"excerpt":{"rendered":"<p>Dona Maria Augusta, 85 anos, h\u00e1 53 anos venceu o c\u00e2ncer de mama. O primeiro tumor apareceu aos 23 anos, quando foi operada e retirou uma das mamas. Sete anos mais tarde, por causa de um segundo tumor, perdeu a outra. ?Fui para Fortaleza para fazer o tratamento e fui desenganada. Levei at\u00e9 a roupa [&hellip;]<\/p>\n","protected":false},"author":1,"featured_media":767,"comment_status":"open","ping_status":"open","sticky":false,"template":"","format":"standard","meta":{"footnotes":""},"categories":[1],"tags":[],"class_list":["post-766","post","type-post","status-publish","format-standard","has-post-thumbnail","hentry","category-noticias"],"yoast_head":"<!-- This site is optimized with the Yoast SEO plugin v26.4 - https:\/\/yoast.com\/wordpress\/plugins\/seo\/ -->\n<title>Funda\u00e7\u00e3o Maria Carvalho Santos: hist\u00f3rias do Outubro Rosa - Funda\u00e7\u00e3o Maria Carvalho Santos<\/title>\n<meta name=\"robots\" content=\"index, follow, max-snippet:-1, max-image-preview:large, max-video-preview:-1\" \/>\n<link rel=\"canonical\" href=\"https:\/\/afonte.org.br\/site\/fundacao-maria-carvalho-santos-historias-do-outubro-rosa\/\" \/>\n<meta property=\"og:locale\" content=\"pt_BR\" \/>\n<meta property=\"og:type\" content=\"article\" \/>\n<meta property=\"og:title\" content=\"Funda\u00e7\u00e3o Maria Carvalho Santos: hist\u00f3rias do Outubro Rosa - Funda\u00e7\u00e3o Maria Carvalho Santos\" \/>\n<meta property=\"og:description\" content=\"Dona Maria Augusta, 85 anos, h\u00e1 53 anos venceu o c\u00e2ncer de mama. O primeiro tumor apareceu aos 23 anos, quando foi operada e retirou uma das mamas. Sete anos mais tarde, por causa de um segundo tumor, perdeu a outra. ?Fui para Fortaleza para fazer o tratamento e fui desenganada. Levei at\u00e9 a roupa [&hellip;]\" \/>\n<meta property=\"og:url\" content=\"https:\/\/afonte.org.br\/site\/fundacao-maria-carvalho-santos-historias-do-outubro-rosa\/\" \/>\n<meta property=\"og:site_name\" content=\"Funda\u00e7\u00e3o Maria Carvalho Santos\" \/>\n<meta property=\"article:publisher\" content=\"https:\/\/www.facebook.com\/fundacaomariacarvalhosantos\/\" \/>\n<meta property=\"article:published_time\" content=\"2021-10-11T09:55:34+00:00\" \/>\n<meta property=\"article:modified_time\" content=\"2021-10-11T09:55:36+00:00\" \/>\n<meta property=\"og:image\" content=\"https:\/\/afonte.org.br\/site\/wp-content\/uploads\/2021\/10\/iStock_71233715_XLARGE-Breast-1-1024x987-1.jpg\" \/>\n\t<meta property=\"og:image:width\" content=\"1024\" \/>\n\t<meta property=\"og:image:height\" content=\"987\" \/>\n\t<meta property=\"og:image:type\" content=\"image\/jpeg\" \/>\n<meta name=\"author\" content=\"rogerbezerra\" \/>\n<meta name=\"twitter:card\" content=\"summary_large_image\" \/>\n<meta name=\"twitter:creator\" content=\"@fundacaomaria\" \/>\n<meta name=\"twitter:site\" content=\"@fundacaomaria\" \/>\n<meta name=\"twitter:label1\" content=\"Escrito por\" \/>\n\t<meta name=\"twitter:data1\" content=\"rogerbezerra\" \/>\n\t<meta name=\"twitter:label2\" content=\"Est. tempo de leitura\" \/>\n\t<meta name=\"twitter:data2\" content=\"2 minutos\" \/>\n<script type=\"application\/ld+json\" class=\"yoast-schema-graph\">{\"@context\":\"https:\/\/schema.org\",\"@graph\":[{\"@type\":\"Article\",\"@id\":\"https:\/\/afonte.org.br\/site\/fundacao-maria-carvalho-santos-historias-do-outubro-rosa\/#article\",\"isPartOf\":{\"@id\":\"https:\/\/afonte.org.br\/site\/fundacao-maria-carvalho-santos-historias-do-outubro-rosa\/\"},\"author\":{\"name\":\"rogerbezerra\",\"@id\":\"https:\/\/afonte.org.br\/site\/#\/schema\/person\/d5464c99acebd87d15901044d6a19b06\"},\"headline\":\"Funda\u00e7\u00e3o Maria Carvalho Santos: hist\u00f3rias do Outubro Rosa\",\"datePublished\":\"2021-10-11T09:55:34+00:00\",\"dateModified\":\"2021-10-11T09:55:36+00:00\",\"mainEntityOfPage\":{\"@id\":\"https:\/\/afonte.org.br\/site\/fundacao-maria-carvalho-santos-historias-do-outubro-rosa\/\"},\"wordCount\":477,\"commentCount\":0,\"publisher\":{\"@id\":\"https:\/\/afonte.org.br\/site\/#organization\"},\"image\":{\"@id\":\"https:\/\/afonte.org.br\/site\/fundacao-maria-carvalho-santos-historias-do-outubro-rosa\/#primaryimage\"},\"thumbnailUrl\":\"https:\/\/afonte.org.br\/site\/wp-content\/uploads\/2021\/10\/iStock_71233715_XLARGE-Breast-1-1024x987-1.jpg\",\"articleSection\":[\"Not\u00edcias\"],\"inLanguage\":\"pt-BR\",\"potentialAction\":[{\"@type\":\"CommentAction\",\"name\":\"Comment\",\"target\":[\"https:\/\/afonte.org.br\/site\/fundacao-maria-carvalho-santos-historias-do-outubro-rosa\/#respond\"]}]},{\"@type\":\"WebPage\",\"@id\":\"https:\/\/afonte.org.br\/site\/fundacao-maria-carvalho-santos-historias-do-outubro-rosa\/\",\"url\":\"https:\/\/afonte.org.br\/site\/fundacao-maria-carvalho-santos-historias-do-outubro-rosa\/\",\"name\":\"Funda\u00e7\u00e3o Maria Carvalho Santos: hist\u00f3rias do Outubro Rosa - Funda\u00e7\u00e3o Maria Carvalho Santos\",\"isPartOf\":{\"@id\":\"https:\/\/afonte.org.br\/site\/#website\"},\"primaryImageOfPage\":{\"@id\":\"https:\/\/afonte.org.br\/site\/fundacao-maria-carvalho-santos-historias-do-outubro-rosa\/#primaryimage\"},\"image\":{\"@id\":\"https:\/\/afonte.org.br\/site\/fundacao-maria-carvalho-santos-historias-do-outubro-rosa\/#primaryimage\"},\"thumbnailUrl\":\"https:\/\/afonte.org.br\/site\/wp-content\/uploads\/2021\/10\/iStock_71233715_XLARGE-Breast-1-1024x987-1.jpg\",\"datePublished\":\"2021-10-11T09:55:34+00:00\",\"dateModified\":\"2021-10-11T09:55:36+00:00\",\"breadcrumb\":{\"@id\":\"https:\/\/afonte.org.br\/site\/fundacao-maria-carvalho-santos-historias-do-outubro-rosa\/#breadcrumb\"},\"inLanguage\":\"pt-BR\",\"potentialAction\":[{\"@type\":\"ReadAction\",\"target\":[\"https:\/\/afonte.org.br\/site\/fundacao-maria-carvalho-santos-historias-do-outubro-rosa\/\"]}]},{\"@type\":\"ImageObject\",\"inLanguage\":\"pt-BR\",\"@id\":\"https:\/\/afonte.org.br\/site\/fundacao-maria-carvalho-santos-historias-do-outubro-rosa\/#primaryimage\",\"url\":\"https:\/\/afonte.org.br\/site\/wp-content\/uploads\/2021\/10\/iStock_71233715_XLARGE-Breast-1-1024x987-1.jpg\",\"contentUrl\":\"https:\/\/afonte.org.br\/site\/wp-content\/uploads\/2021\/10\/iStock_71233715_XLARGE-Breast-1-1024x987-1.jpg\",\"width\":1024,\"height\":987},{\"@type\":\"BreadcrumbList\",\"@id\":\"https:\/\/afonte.org.br\/site\/fundacao-maria-carvalho-santos-historias-do-outubro-rosa\/#breadcrumb\",\"itemListElement\":[{\"@type\":\"ListItem\",\"position\":1,\"name\":\"In\u00edcio\",\"item\":\"https:\/\/afonte.org.br\/site\/\"},{\"@type\":\"ListItem\",\"position\":2,\"name\":\"Funda\u00e7\u00e3o Maria Carvalho Santos: hist\u00f3rias do Outubro Rosa\"}]},{\"@type\":\"WebSite\",\"@id\":\"https:\/\/afonte.org.br\/site\/#website\",\"url\":\"https:\/\/afonte.org.br\/site\/\",\"name\":\"Funda\u00e7\u00e3o Maria Carvalho Santos\",\"description\":\"\u201cSe voc\u00ea tem c\u00e2ncer de mama, n\u00f3s ajudamos voc\u00ea, mas se voc\u00ea n\u00e3o tem, ajude a gente\u201d!\",\"publisher\":{\"@id\":\"https:\/\/afonte.org.br\/site\/#organization\"},\"potentialAction\":[{\"@type\":\"SearchAction\",\"target\":{\"@type\":\"EntryPoint\",\"urlTemplate\":\"https:\/\/afonte.org.br\/site\/?s={search_term_string}\"},\"query-input\":{\"@type\":\"PropertyValueSpecification\",\"valueRequired\":true,\"valueName\":\"search_term_string\"}}],\"inLanguage\":\"pt-BR\"},{\"@type\":\"Organization\",\"@id\":\"https:\/\/afonte.org.br\/site\/#organization\",\"name\":\"Funda\u00e7\u00e3o Maria Carvalho Santos\",\"url\":\"https:\/\/afonte.org.br\/site\/\",\"logo\":{\"@type\":\"ImageObject\",\"inLanguage\":\"pt-BR\",\"@id\":\"https:\/\/afonte.org.br\/site\/#\/schema\/logo\/image\/\",\"url\":\"https:\/\/afonte.org.br\/site\/wp-content\/uploads\/2021\/10\/logomarca_fundacao2.fw_.png\",\"contentUrl\":\"https:\/\/afonte.org.br\/site\/wp-content\/uploads\/2021\/10\/logomarca_fundacao2.fw_.png\",\"width\":200,\"height\":73,\"caption\":\"Funda\u00e7\u00e3o Maria Carvalho Santos\"},\"image\":{\"@id\":\"https:\/\/afonte.org.br\/site\/#\/schema\/logo\/image\/\"},\"sameAs\":[\"https:\/\/www.facebook.com\/fundacaomariacarvalhosantos\/\",\"https:\/\/x.com\/fundacaomaria\",\"https:\/\/www.instagram.com\/fundacaomariacarvalho\/?hl=pt-br\",\"https:\/\/www.youtube.com\/channel\/UCThs6_9MYv6ms6ciEHDKXrA\"]},{\"@type\":\"Person\",\"@id\":\"https:\/\/afonte.org.br\/site\/#\/schema\/person\/d5464c99acebd87d15901044d6a19b06\",\"name\":\"rogerbezerra\",\"image\":{\"@type\":\"ImageObject\",\"inLanguage\":\"pt-BR\",\"@id\":\"https:\/\/afonte.org.br\/site\/#\/schema\/person\/image\/\",\"url\":\"https:\/\/secure.gravatar.com\/avatar\/3d1043775cda1d91d725491548f9b3a0909638e5fcbd418ee6b285ebfaa2ae59?s=96&d=mm&r=g\",\"contentUrl\":\"https:\/\/secure.gravatar.com\/avatar\/3d1043775cda1d91d725491548f9b3a0909638e5fcbd418ee6b285ebfaa2ae59?s=96&d=mm&r=g\",\"caption\":\"rogerbezerra\"},\"sameAs\":[\"https:\/\/afonte.org.br\/site\"],\"url\":\"https:\/\/afonte.org.br\/site\/author\/rogerbezerra\/\"}]}<\/script>\n<!-- \/ Yoast SEO plugin. -->","yoast_head_json":{"title":"Funda\u00e7\u00e3o Maria Carvalho Santos: hist\u00f3rias do Outubro Rosa - Funda\u00e7\u00e3o Maria Carvalho Santos","robots":{"index":"index","follow":"follow","max-snippet":"max-snippet:-1","max-image-preview":"max-image-preview:large","max-video-preview":"max-video-preview:-1"},"canonical":"https:\/\/afonte.org.br\/site\/fundacao-maria-carvalho-santos-historias-do-outubro-rosa\/","og_locale":"pt_BR","og_type":"article","og_title":"Funda\u00e7\u00e3o Maria Carvalho Santos: hist\u00f3rias do Outubro Rosa - Funda\u00e7\u00e3o Maria Carvalho Santos","og_description":"Dona Maria Augusta, 85 anos, h\u00e1 53 anos venceu o c\u00e2ncer de mama. O primeiro tumor apareceu aos 23 anos, quando foi operada e retirou uma das mamas. Sete anos mais tarde, por causa de um segundo tumor, perdeu a outra. ?Fui para Fortaleza para fazer o tratamento e fui desenganada. Levei at\u00e9 a roupa [&hellip;]","og_url":"https:\/\/afonte.org.br\/site\/fundacao-maria-carvalho-santos-historias-do-outubro-rosa\/","og_site_name":"Funda\u00e7\u00e3o Maria Carvalho Santos","article_publisher":"https:\/\/www.facebook.com\/fundacaomariacarvalhosantos\/","article_published_time":"2021-10-11T09:55:34+00:00","article_modified_time":"2021-10-11T09:55:36+00:00","og_image":[{"width":1024,"height":987,"url":"https:\/\/afonte.org.br\/site\/wp-content\/uploads\/2021\/10\/iStock_71233715_XLARGE-Breast-1-1024x987-1.jpg","type":"image\/jpeg"}],"author":"rogerbezerra","twitter_card":"summary_large_image","twitter_creator":"@fundacaomaria","twitter_site":"@fundacaomaria","twitter_misc":{"Escrito por":"rogerbezerra","Est. tempo de leitura":"2 minutos"},"schema":{"@context":"https:\/\/schema.org","@graph":[{"@type":"Article","@id":"https:\/\/afonte.org.br\/site\/fundacao-maria-carvalho-santos-historias-do-outubro-rosa\/#article","isPartOf":{"@id":"https:\/\/afonte.org.br\/site\/fundacao-maria-carvalho-santos-historias-do-outubro-rosa\/"},"author":{"name":"rogerbezerra","@id":"https:\/\/afonte.org.br\/site\/#\/schema\/person\/d5464c99acebd87d15901044d6a19b06"},"headline":"Funda\u00e7\u00e3o Maria Carvalho Santos: hist\u00f3rias do Outubro Rosa","datePublished":"2021-10-11T09:55:34+00:00","dateModified":"2021-10-11T09:55:36+00:00","mainEntityOfPage":{"@id":"https:\/\/afonte.org.br\/site\/fundacao-maria-carvalho-santos-historias-do-outubro-rosa\/"},"wordCount":477,"commentCount":0,"publisher":{"@id":"https:\/\/afonte.org.br\/site\/#organization"},"image":{"@id":"https:\/\/afonte.org.br\/site\/fundacao-maria-carvalho-santos-historias-do-outubro-rosa\/#primaryimage"},"thumbnailUrl":"https:\/\/afonte.org.br\/site\/wp-content\/uploads\/2021\/10\/iStock_71233715_XLARGE-Breast-1-1024x987-1.jpg","articleSection":["Not\u00edcias"],"inLanguage":"pt-BR","potentialAction":[{"@type":"CommentAction","name":"Comment","target":["https:\/\/afonte.org.br\/site\/fundacao-maria-carvalho-santos-historias-do-outubro-rosa\/#respond"]}]},{"@type":"WebPage","@id":"https:\/\/afonte.org.br\/site\/fundacao-maria-carvalho-santos-historias-do-outubro-rosa\/","url":"https:\/\/afonte.org.br\/site\/fundacao-maria-carvalho-santos-historias-do-outubro-rosa\/","name":"Funda\u00e7\u00e3o Maria Carvalho Santos: hist\u00f3rias do Outubro Rosa - Funda\u00e7\u00e3o Maria Carvalho Santos","isPartOf":{"@id":"https:\/\/afonte.org.br\/site\/#website"},"primaryImageOfPage":{"@id":"https:\/\/afonte.org.br\/site\/fundacao-maria-carvalho-santos-historias-do-outubro-rosa\/#primaryimage"},"image":{"@id":"https:\/\/afonte.org.br\/site\/fundacao-maria-carvalho-santos-historias-do-outubro-rosa\/#primaryimage"},"thumbnailUrl":"https:\/\/afonte.org.br\/site\/wp-content\/uploads\/2021\/10\/iStock_71233715_XLARGE-Breast-1-1024x987-1.jpg","datePublished":"2021-10-11T09:55:34+00:00","dateModified":"2021-10-11T09:55:36+00:00","breadcrumb":{"@id":"https:\/\/afonte.org.br\/site\/fundacao-maria-carvalho-santos-historias-do-outubro-rosa\/#breadcrumb"},"inLanguage":"pt-BR","potentialAction":[{"@type":"ReadAction","target":["https:\/\/afonte.org.br\/site\/fundacao-maria-carvalho-santos-historias-do-outubro-rosa\/"]}]},{"@type":"ImageObject","inLanguage":"pt-BR","@id":"https:\/\/afonte.org.br\/site\/fundacao-maria-carvalho-santos-historias-do-outubro-rosa\/#primaryimage","url":"https:\/\/afonte.org.br\/site\/wp-content\/uploads\/2021\/10\/iStock_71233715_XLARGE-Breast-1-1024x987-1.jpg","contentUrl":"https:\/\/afonte.org.br\/site\/wp-content\/uploads\/2021\/10\/iStock_71233715_XLARGE-Breast-1-1024x987-1.jpg","width":1024,"height":987},{"@type":"BreadcrumbList","@id":"https:\/\/afonte.org.br\/site\/fundacao-maria-carvalho-santos-historias-do-outubro-rosa\/#breadcrumb","itemListElement":[{"@type":"ListItem","position":1,"name":"In\u00edcio","item":"https:\/\/afonte.org.br\/site\/"},{"@type":"ListItem","position":2,"name":"Funda\u00e7\u00e3o Maria Carvalho Santos: hist\u00f3rias do Outubro Rosa"}]},{"@type":"WebSite","@id":"https:\/\/afonte.org.br\/site\/#website","url":"https:\/\/afonte.org.br\/site\/","name":"Funda\u00e7\u00e3o Maria Carvalho Santos","description":"\u201cSe voc\u00ea tem c\u00e2ncer de mama, n\u00f3s ajudamos voc\u00ea, mas se voc\u00ea n\u00e3o tem, ajude a gente\u201d!","publisher":{"@id":"https:\/\/afonte.org.br\/site\/#organization"},"potentialAction":[{"@type":"SearchAction","target":{"@type":"EntryPoint","urlTemplate":"https:\/\/afonte.org.br\/site\/?s={search_term_string}"},"query-input":{"@type":"PropertyValueSpecification","valueRequired":true,"valueName":"search_term_string"}}],"inLanguage":"pt-BR"},{"@type":"Organization","@id":"https:\/\/afonte.org.br\/site\/#organization","name":"Funda\u00e7\u00e3o Maria Carvalho Santos","url":"https:\/\/afonte.org.br\/site\/","logo":{"@type":"ImageObject","inLanguage":"pt-BR","@id":"https:\/\/afonte.org.br\/site\/#\/schema\/logo\/image\/","url":"https:\/\/afonte.org.br\/site\/wp-content\/uploads\/2021\/10\/logomarca_fundacao2.fw_.png","contentUrl":"https:\/\/afonte.org.br\/site\/wp-content\/uploads\/2021\/10\/logomarca_fundacao2.fw_.png","width":200,"height":73,"caption":"Funda\u00e7\u00e3o Maria Carvalho Santos"},"image":{"@id":"https:\/\/afonte.org.br\/site\/#\/schema\/logo\/image\/"},"sameAs":["https:\/\/www.facebook.com\/fundacaomariacarvalhosantos\/","https:\/\/x.com\/fundacaomaria","https:\/\/www.instagram.com\/fundacaomariacarvalho\/?hl=pt-br","https:\/\/www.youtube.com\/channel\/UCThs6_9MYv6ms6ciEHDKXrA"]},{"@type":"Person","@id":"https:\/\/afonte.org.br\/site\/#\/schema\/person\/d5464c99acebd87d15901044d6a19b06","name":"rogerbezerra","image":{"@type":"ImageObject","inLanguage":"pt-BR","@id":"https:\/\/afonte.org.br\/site\/#\/schema\/person\/image\/","url":"https:\/\/secure.gravatar.com\/avatar\/3d1043775cda1d91d725491548f9b3a0909638e5fcbd418ee6b285ebfaa2ae59?s=96&d=mm&r=g","contentUrl":"https:\/\/secure.gravatar.com\/avatar\/3d1043775cda1d91d725491548f9b3a0909638e5fcbd418ee6b285ebfaa2ae59?s=96&d=mm&r=g","caption":"rogerbezerra"},"sameAs":["https:\/\/afonte.org.br\/site"],"url":"https:\/\/afonte.org.br\/site\/author\/rogerbezerra\/"}]}},"_links":{"self":[{"href":"https:\/\/afonte.org.br\/site\/wp-json\/wp\/v2\/posts\/766","targetHints":{"allow":["GET"]}}],"collection":[{"href":"https:\/\/afonte.org.br\/site\/wp-json\/wp\/v2\/posts"}],"about":[{"href":"https:\/\/afonte.org.br\/site\/wp-json\/wp\/v2\/types\/post"}],"author":[{"embeddable":true,"href":"https:\/\/afonte.org.br\/site\/wp-json\/wp\/v2\/users\/1"}],"replies":[{"embeddable":true,"href":"https:\/\/afonte.org.br\/site\/wp-json\/wp\/v2\/comments?post=766"}],"version-history":[{"count":1,"href":"https:\/\/afonte.org.br\/site\/wp-json\/wp\/v2\/posts\/766\/revisions"}],"predecessor-version":[{"id":768,"href":"https:\/\/afonte.org.br\/site\/wp-json\/wp\/v2\/posts\/766\/revisions\/768"}],"wp:featuredmedia":[{"embeddable":true,"href":"https:\/\/afonte.org.br\/site\/wp-json\/wp\/v2\/media\/767"}],"wp:attachment":[{"href":"https:\/\/afonte.org.br\/site\/wp-json\/wp\/v2\/media?parent=766"}],"wp:term":[{"taxonomy":"category","embeddable":true,"href":"https:\/\/afonte.org.br\/site\/wp-json\/wp\/v2\/categories?post=766"},{"taxonomy":"post_tag","embeddable":true,"href":"https:\/\/afonte.org.br\/site\/wp-json\/wp\/v2\/tags?post=766"}],"curies":[{"name":"wp","href":"https:\/\/api.w.org\/{rel}","templated":true}]}}