{"id":769,"date":"2021-10-11T07:24:20","date_gmt":"2021-10-11T10:24:20","guid":{"rendered":"https:\/\/afonte.org.br\/site\/?p=769"},"modified":"2021-10-11T07:24:23","modified_gmt":"2021-10-11T10:24:23","slug":"outubro-rosa-a-prevencao-do-cancer-de-mama-esta-em-suas-maos","status":"publish","type":"post","link":"https:\/\/afonte.org.br\/site\/outubro-rosa-a-prevencao-do-cancer-de-mama-esta-em-suas-maos\/","title":{"rendered":"Outubro Rosa: a preven\u00e7\u00e3o do c\u00e2ncer de mama est\u00e1 em suas m\u00e3os"},"content":{"rendered":"\n<p>O Outubro Rosa \u00e9 uma campanha anual de combate ao c\u00e2ncer de mama. Criada na d\u00e9cada de 1990, a campanha tem como objetivo conscientizar a popula\u00e7\u00e3o sobre a import\u00e2ncia da preven\u00e7\u00e3o e do diagn\u00f3stico precoce, compartilhando informa\u00e7\u00f5es e proporcionando mais acesso ao diagn\u00f3stico e ao tratamento da doen\u00e7a.&nbsp;<\/p>\n\n\n\n<p>Segundo o Instituto Nacional do C\u00e2ncer (INCA), o c\u00e2ncer de mama \u00e9 o segundo tipo de c\u00e2ncer mais comum entre as mulheres no Brasil, atr\u00e1s apenas do c\u00e2ncer de pele, correspondendo a 29% dos novos casos da doen\u00e7a ao ano. Por isso, o diagn\u00f3stico precoce \u00e9 fundamental e aumenta as chances de cura do c\u00e2ncer de mama.<\/p>\n\n\n\n<p><strong>Hist\u00f3ria<\/strong><\/p>\n\n\n\n<p>O nome da campanha remete a cor do la\u00e7o rosa, que \u00e9 um s\u00edmbolo internacional na luta contra do c\u00e2ncer de mama. O Outubro Rosa come\u00e7ou como um movimento iniciado no ano de 1990, em Nova Iorque, durante um evento chamado \u201cCorrida pela Cura\u201d, realizado pela institui\u00e7\u00e3o Susan G. Komen pela cura.<\/p>\n\n\n\n<p>\u00c0 medida que o evento cresceu, outubro foi escolhido como o m\u00eas de conscientiza\u00e7\u00e3o sobre o c\u00e2ncer de mama nos Estados Unidos. Em 2002, o Obelisco Mausol\u00e9u aos Her\u00f3is de 32, no parque Ibirapuera, em S\u00e3o Paulo, foi iluminado com a cor rosa durante o m\u00eas marcando a primeira iniciativa no Brasil. No entanto, o movimento ganhou for\u00e7a por volta de 2008, quando as a\u00e7\u00f5es em prol da causa tornam-se mais frequentes.<\/p>\n","protected":false},"excerpt":{"rendered":"<p>O Outubro Rosa \u00e9 uma campanha anual de combate ao c\u00e2ncer de mama. Criada na d\u00e9cada de 1990, a campanha tem como objetivo conscientizar a popula\u00e7\u00e3o sobre a import\u00e2ncia da preven\u00e7\u00e3o e do diagn\u00f3stico precoce, compartilhando informa\u00e7\u00f5es e proporcionando mais acesso ao diagn\u00f3stico e ao tratamento da doen\u00e7a.&nbsp; Segundo o Instituto Nacional do C\u00e2ncer (INCA), [&hellip;]<\/p>\n","protected":false},"author":1,"featured_media":235,"comment_status":"open","ping_status":"open","sticky":false,"template":"","format":"standard","meta":{"footnotes":""},"categories":[1],"tags":[],"class_list":["post-769","post","type-post","status-publish","format-standard","has-post-thumbnail","hentry","category-noticias"],"yoast_head":"<!-- This site is optimized with the Yoast SEO plugin v26.4 - https:\/\/yoast.com\/wordpress\/plugins\/seo\/ -->\n<title>Outubro Rosa: a preven\u00e7\u00e3o do c\u00e2ncer de mama est\u00e1 em suas m\u00e3os - Funda\u00e7\u00e3o Maria Carvalho Santos<\/title>\n<meta name=\"robots\" content=\"index, follow, max-snippet:-1, max-image-preview:large, max-video-preview:-1\" \/>\n<link rel=\"canonical\" href=\"https:\/\/afonte.org.br\/site\/outubro-rosa-a-prevencao-do-cancer-de-mama-esta-em-suas-maos\/\" \/>\n<meta property=\"og:locale\" content=\"pt_BR\" \/>\n<meta property=\"og:type\" content=\"article\" \/>\n<meta property=\"og:title\" content=\"Outubro Rosa: a preven\u00e7\u00e3o do c\u00e2ncer de mama est\u00e1 em suas m\u00e3os - Funda\u00e7\u00e3o Maria Carvalho Santos\" \/>\n<meta property=\"og:description\" content=\"O Outubro Rosa \u00e9 uma campanha anual de combate ao c\u00e2ncer de mama. Criada na d\u00e9cada de 1990, a campanha tem como objetivo conscientizar a popula\u00e7\u00e3o sobre a import\u00e2ncia da preven\u00e7\u00e3o e do diagn\u00f3stico precoce, compartilhando informa\u00e7\u00f5es e proporcionando mais acesso ao diagn\u00f3stico e ao tratamento da doen\u00e7a.&nbsp; Segundo o Instituto Nacional do C\u00e2ncer (INCA), [&hellip;]\" \/>\n<meta property=\"og:url\" content=\"https:\/\/afonte.org.br\/site\/outubro-rosa-a-prevencao-do-cancer-de-mama-esta-em-suas-maos\/\" \/>\n<meta property=\"og:site_name\" content=\"Funda\u00e7\u00e3o Maria Carvalho Santos\" \/>\n<meta property=\"article:publisher\" content=\"https:\/\/www.facebook.com\/fundacaomariacarvalhosantos\/\" \/>\n<meta property=\"article:published_time\" content=\"2021-10-11T10:24:20+00:00\" \/>\n<meta property=\"article:modified_time\" content=\"2021-10-11T10:24:23+00:00\" \/>\n<meta property=\"og:image\" content=\"https:\/\/afonte.org.br\/site\/wp-content\/uploads\/2021\/10\/slide1-fmcs-1.png\" \/>\n\t<meta property=\"og:image:width\" content=\"1980\" \/>\n\t<meta property=\"og:image:height\" content=\"800\" \/>\n\t<meta property=\"og:image:type\" content=\"image\/png\" \/>\n<meta name=\"author\" content=\"rogerbezerra\" \/>\n<meta name=\"twitter:card\" content=\"summary_large_image\" \/>\n<meta name=\"twitter:creator\" content=\"@fundacaomaria\" \/>\n<meta name=\"twitter:site\" content=\"@fundacaomaria\" \/>\n<meta name=\"twitter:label1\" content=\"Escrito por\" \/>\n\t<meta name=\"twitter:data1\" content=\"rogerbezerra\" \/>\n\t<meta name=\"twitter:label2\" content=\"Est. tempo de leitura\" \/>\n\t<meta name=\"twitter:data2\" content=\"2 minutos\" \/>\n<script type=\"application\/ld+json\" class=\"yoast-schema-graph\">{\"@context\":\"https:\/\/schema.org\",\"@graph\":[{\"@type\":\"Article\",\"@id\":\"https:\/\/afonte.org.br\/site\/outubro-rosa-a-prevencao-do-cancer-de-mama-esta-em-suas-maos\/#article\",\"isPartOf\":{\"@id\":\"https:\/\/afonte.org.br\/site\/outubro-rosa-a-prevencao-do-cancer-de-mama-esta-em-suas-maos\/\"},\"author\":{\"name\":\"rogerbezerra\",\"@id\":\"https:\/\/afonte.org.br\/site\/#\/schema\/person\/d5464c99acebd87d15901044d6a19b06\"},\"headline\":\"Outubro Rosa: a preven\u00e7\u00e3o do c\u00e2ncer de mama est\u00e1 em suas m\u00e3os\",\"datePublished\":\"2021-10-11T10:24:20+00:00\",\"dateModified\":\"2021-10-11T10:24:23+00:00\",\"mainEntityOfPage\":{\"@id\":\"https:\/\/afonte.org.br\/site\/outubro-rosa-a-prevencao-do-cancer-de-mama-esta-em-suas-maos\/\"},\"wordCount\":267,\"commentCount\":0,\"publisher\":{\"@id\":\"https:\/\/afonte.org.br\/site\/#organization\"},\"image\":{\"@id\":\"https:\/\/afonte.org.br\/site\/outubro-rosa-a-prevencao-do-cancer-de-mama-esta-em-suas-maos\/#primaryimage\"},\"thumbnailUrl\":\"https:\/\/afonte.org.br\/site\/wp-content\/uploads\/2021\/10\/slide1-fmcs-1.png\",\"articleSection\":[\"Not\u00edcias\"],\"inLanguage\":\"pt-BR\",\"potentialAction\":[{\"@type\":\"CommentAction\",\"name\":\"Comment\",\"target\":[\"https:\/\/afonte.org.br\/site\/outubro-rosa-a-prevencao-do-cancer-de-mama-esta-em-suas-maos\/#respond\"]}]},{\"@type\":\"WebPage\",\"@id\":\"https:\/\/afonte.org.br\/site\/outubro-rosa-a-prevencao-do-cancer-de-mama-esta-em-suas-maos\/\",\"url\":\"https:\/\/afonte.org.br\/site\/outubro-rosa-a-prevencao-do-cancer-de-mama-esta-em-suas-maos\/\",\"name\":\"Outubro Rosa: a preven\u00e7\u00e3o do c\u00e2ncer de mama est\u00e1 em suas m\u00e3os - Funda\u00e7\u00e3o Maria Carvalho Santos\",\"isPartOf\":{\"@id\":\"https:\/\/afonte.org.br\/site\/#website\"},\"primaryImageOfPage\":{\"@id\":\"https:\/\/afonte.org.br\/site\/outubro-rosa-a-prevencao-do-cancer-de-mama-esta-em-suas-maos\/#primaryimage\"},\"image\":{\"@id\":\"https:\/\/afonte.org.br\/site\/outubro-rosa-a-prevencao-do-cancer-de-mama-esta-em-suas-maos\/#primaryimage\"},\"thumbnailUrl\":\"https:\/\/afonte.org.br\/site\/wp-content\/uploads\/2021\/10\/slide1-fmcs-1.png\",\"datePublished\":\"2021-10-11T10:24:20+00:00\",\"dateModified\":\"2021-10-11T10:24:23+00:00\",\"breadcrumb\":{\"@id\":\"https:\/\/afonte.org.br\/site\/outubro-rosa-a-prevencao-do-cancer-de-mama-esta-em-suas-maos\/#breadcrumb\"},\"inLanguage\":\"pt-BR\",\"potentialAction\":[{\"@type\":\"ReadAction\",\"target\":[\"https:\/\/afonte.org.br\/site\/outubro-rosa-a-prevencao-do-cancer-de-mama-esta-em-suas-maos\/\"]}]},{\"@type\":\"ImageObject\",\"inLanguage\":\"pt-BR\",\"@id\":\"https:\/\/afonte.org.br\/site\/outubro-rosa-a-prevencao-do-cancer-de-mama-esta-em-suas-maos\/#primaryimage\",\"url\":\"https:\/\/afonte.org.br\/site\/wp-content\/uploads\/2021\/10\/slide1-fmcs-1.png\",\"contentUrl\":\"https:\/\/afonte.org.br\/site\/wp-content\/uploads\/2021\/10\/slide1-fmcs-1.png\",\"width\":1980,\"height\":800},{\"@type\":\"BreadcrumbList\",\"@id\":\"https:\/\/afonte.org.br\/site\/outubro-rosa-a-prevencao-do-cancer-de-mama-esta-em-suas-maos\/#breadcrumb\",\"itemListElement\":[{\"@type\":\"ListItem\",\"position\":1,\"name\":\"In\u00edcio\",\"item\":\"https:\/\/afonte.org.br\/site\/\"},{\"@type\":\"ListItem\",\"position\":2,\"name\":\"Outubro Rosa: a preven\u00e7\u00e3o do c\u00e2ncer de mama est\u00e1 em suas m\u00e3os\"}]},{\"@type\":\"WebSite\",\"@id\":\"https:\/\/afonte.org.br\/site\/#website\",\"url\":\"https:\/\/afonte.org.br\/site\/\",\"name\":\"Funda\u00e7\u00e3o Maria Carvalho Santos\",\"description\":\"\u201cSe voc\u00ea tem c\u00e2ncer de mama, n\u00f3s ajudamos voc\u00ea, mas se voc\u00ea n\u00e3o tem, ajude a gente\u201d!\",\"publisher\":{\"@id\":\"https:\/\/afonte.org.br\/site\/#organization\"},\"potentialAction\":[{\"@type\":\"SearchAction\",\"target\":{\"@type\":\"EntryPoint\",\"urlTemplate\":\"https:\/\/afonte.org.br\/site\/?s={search_term_string}\"},\"query-input\":{\"@type\":\"PropertyValueSpecification\",\"valueRequired\":true,\"valueName\":\"search_term_string\"}}],\"inLanguage\":\"pt-BR\"},{\"@type\":\"Organization\",\"@id\":\"https:\/\/afonte.org.br\/site\/#organization\",\"name\":\"Funda\u00e7\u00e3o Maria Carvalho Santos\",\"url\":\"https:\/\/afonte.org.br\/site\/\",\"logo\":{\"@type\":\"ImageObject\",\"inLanguage\":\"pt-BR\",\"@id\":\"https:\/\/afonte.org.br\/site\/#\/schema\/logo\/image\/\",\"url\":\"https:\/\/afonte.org.br\/site\/wp-content\/uploads\/2021\/10\/logomarca_fundacao2.fw_.png\",\"contentUrl\":\"https:\/\/afonte.org.br\/site\/wp-content\/uploads\/2021\/10\/logomarca_fundacao2.fw_.png\",\"width\":200,\"height\":73,\"caption\":\"Funda\u00e7\u00e3o Maria Carvalho Santos\"},\"image\":{\"@id\":\"https:\/\/afonte.org.br\/site\/#\/schema\/logo\/image\/\"},\"sameAs\":[\"https:\/\/www.facebook.com\/fundacaomariacarvalhosantos\/\",\"https:\/\/x.com\/fundacaomaria\",\"https:\/\/www.instagram.com\/fundacaomariacarvalho\/?hl=pt-br\",\"https:\/\/www.youtube.com\/channel\/UCThs6_9MYv6ms6ciEHDKXrA\"]},{\"@type\":\"Person\",\"@id\":\"https:\/\/afonte.org.br\/site\/#\/schema\/person\/d5464c99acebd87d15901044d6a19b06\",\"name\":\"rogerbezerra\",\"image\":{\"@type\":\"ImageObject\",\"inLanguage\":\"pt-BR\",\"@id\":\"https:\/\/afonte.org.br\/site\/#\/schema\/person\/image\/\",\"url\":\"https:\/\/secure.gravatar.com\/avatar\/3d1043775cda1d91d725491548f9b3a0909638e5fcbd418ee6b285ebfaa2ae59?s=96&d=mm&r=g\",\"contentUrl\":\"https:\/\/secure.gravatar.com\/avatar\/3d1043775cda1d91d725491548f9b3a0909638e5fcbd418ee6b285ebfaa2ae59?s=96&d=mm&r=g\",\"caption\":\"rogerbezerra\"},\"sameAs\":[\"https:\/\/afonte.org.br\/site\"],\"url\":\"https:\/\/afonte.org.br\/site\/author\/rogerbezerra\/\"}]}<\/script>\n<!-- \/ Yoast SEO plugin. -->","yoast_head_json":{"title":"Outubro Rosa: a preven\u00e7\u00e3o do c\u00e2ncer de mama est\u00e1 em suas m\u00e3os - Funda\u00e7\u00e3o Maria Carvalho Santos","robots":{"index":"index","follow":"follow","max-snippet":"max-snippet:-1","max-image-preview":"max-image-preview:large","max-video-preview":"max-video-preview:-1"},"canonical":"https:\/\/afonte.org.br\/site\/outubro-rosa-a-prevencao-do-cancer-de-mama-esta-em-suas-maos\/","og_locale":"pt_BR","og_type":"article","og_title":"Outubro Rosa: a preven\u00e7\u00e3o do c\u00e2ncer de mama est\u00e1 em suas m\u00e3os - Funda\u00e7\u00e3o Maria Carvalho Santos","og_description":"O Outubro Rosa \u00e9 uma campanha anual de combate ao c\u00e2ncer de mama. Criada na d\u00e9cada de 1990, a campanha tem como objetivo conscientizar a popula\u00e7\u00e3o sobre a import\u00e2ncia da preven\u00e7\u00e3o e do diagn\u00f3stico precoce, compartilhando informa\u00e7\u00f5es e proporcionando mais acesso ao diagn\u00f3stico e ao tratamento da doen\u00e7a.&nbsp; Segundo o Instituto Nacional do C\u00e2ncer (INCA), [&hellip;]","og_url":"https:\/\/afonte.org.br\/site\/outubro-rosa-a-prevencao-do-cancer-de-mama-esta-em-suas-maos\/","og_site_name":"Funda\u00e7\u00e3o Maria Carvalho Santos","article_publisher":"https:\/\/www.facebook.com\/fundacaomariacarvalhosantos\/","article_published_time":"2021-10-11T10:24:20+00:00","article_modified_time":"2021-10-11T10:24:23+00:00","og_image":[{"width":1980,"height":800,"url":"https:\/\/afonte.org.br\/site\/wp-content\/uploads\/2021\/10\/slide1-fmcs-1.png","type":"image\/png"}],"author":"rogerbezerra","twitter_card":"summary_large_image","twitter_creator":"@fundacaomaria","twitter_site":"@fundacaomaria","twitter_misc":{"Escrito por":"rogerbezerra","Est. tempo de leitura":"2 minutos"},"schema":{"@context":"https:\/\/schema.org","@graph":[{"@type":"Article","@id":"https:\/\/afonte.org.br\/site\/outubro-rosa-a-prevencao-do-cancer-de-mama-esta-em-suas-maos\/#article","isPartOf":{"@id":"https:\/\/afonte.org.br\/site\/outubro-rosa-a-prevencao-do-cancer-de-mama-esta-em-suas-maos\/"},"author":{"name":"rogerbezerra","@id":"https:\/\/afonte.org.br\/site\/#\/schema\/person\/d5464c99acebd87d15901044d6a19b06"},"headline":"Outubro Rosa: a preven\u00e7\u00e3o do c\u00e2ncer de mama est\u00e1 em suas m\u00e3os","datePublished":"2021-10-11T10:24:20+00:00","dateModified":"2021-10-11T10:24:23+00:00","mainEntityOfPage":{"@id":"https:\/\/afonte.org.br\/site\/outubro-rosa-a-prevencao-do-cancer-de-mama-esta-em-suas-maos\/"},"wordCount":267,"commentCount":0,"publisher":{"@id":"https:\/\/afonte.org.br\/site\/#organization"},"image":{"@id":"https:\/\/afonte.org.br\/site\/outubro-rosa-a-prevencao-do-cancer-de-mama-esta-em-suas-maos\/#primaryimage"},"thumbnailUrl":"https:\/\/afonte.org.br\/site\/wp-content\/uploads\/2021\/10\/slide1-fmcs-1.png","articleSection":["Not\u00edcias"],"inLanguage":"pt-BR","potentialAction":[{"@type":"CommentAction","name":"Comment","target":["https:\/\/afonte.org.br\/site\/outubro-rosa-a-prevencao-do-cancer-de-mama-esta-em-suas-maos\/#respond"]}]},{"@type":"WebPage","@id":"https:\/\/afonte.org.br\/site\/outubro-rosa-a-prevencao-do-cancer-de-mama-esta-em-suas-maos\/","url":"https:\/\/afonte.org.br\/site\/outubro-rosa-a-prevencao-do-cancer-de-mama-esta-em-suas-maos\/","name":"Outubro Rosa: a preven\u00e7\u00e3o do c\u00e2ncer de mama est\u00e1 em suas m\u00e3os - Funda\u00e7\u00e3o Maria Carvalho Santos","isPartOf":{"@id":"https:\/\/afonte.org.br\/site\/#website"},"primaryImageOfPage":{"@id":"https:\/\/afonte.org.br\/site\/outubro-rosa-a-prevencao-do-cancer-de-mama-esta-em-suas-maos\/#primaryimage"},"image":{"@id":"https:\/\/afonte.org.br\/site\/outubro-rosa-a-prevencao-do-cancer-de-mama-esta-em-suas-maos\/#primaryimage"},"thumbnailUrl":"https:\/\/afonte.org.br\/site\/wp-content\/uploads\/2021\/10\/slide1-fmcs-1.png","datePublished":"2021-10-11T10:24:20+00:00","dateModified":"2021-10-11T10:24:23+00:00","breadcrumb":{"@id":"https:\/\/afonte.org.br\/site\/outubro-rosa-a-prevencao-do-cancer-de-mama-esta-em-suas-maos\/#breadcrumb"},"inLanguage":"pt-BR","potentialAction":[{"@type":"ReadAction","target":["https:\/\/afonte.org.br\/site\/outubro-rosa-a-prevencao-do-cancer-de-mama-esta-em-suas-maos\/"]}]},{"@type":"ImageObject","inLanguage":"pt-BR","@id":"https:\/\/afonte.org.br\/site\/outubro-rosa-a-prevencao-do-cancer-de-mama-esta-em-suas-maos\/#primaryimage","url":"https:\/\/afonte.org.br\/site\/wp-content\/uploads\/2021\/10\/slide1-fmcs-1.png","contentUrl":"https:\/\/afonte.org.br\/site\/wp-content\/uploads\/2021\/10\/slide1-fmcs-1.png","width":1980,"height":800},{"@type":"BreadcrumbList","@id":"https:\/\/afonte.org.br\/site\/outubro-rosa-a-prevencao-do-cancer-de-mama-esta-em-suas-maos\/#breadcrumb","itemListElement":[{"@type":"ListItem","position":1,"name":"In\u00edcio","item":"https:\/\/afonte.org.br\/site\/"},{"@type":"ListItem","position":2,"name":"Outubro Rosa: a preven\u00e7\u00e3o do c\u00e2ncer de mama est\u00e1 em suas m\u00e3os"}]},{"@type":"WebSite","@id":"https:\/\/afonte.org.br\/site\/#website","url":"https:\/\/afonte.org.br\/site\/","name":"Funda\u00e7\u00e3o Maria Carvalho Santos","description":"\u201cSe voc\u00ea tem c\u00e2ncer de mama, n\u00f3s ajudamos voc\u00ea, mas se voc\u00ea n\u00e3o tem, ajude a gente\u201d!","publisher":{"@id":"https:\/\/afonte.org.br\/site\/#organization"},"potentialAction":[{"@type":"SearchAction","target":{"@type":"EntryPoint","urlTemplate":"https:\/\/afonte.org.br\/site\/?s={search_term_string}"},"query-input":{"@type":"PropertyValueSpecification","valueRequired":true,"valueName":"search_term_string"}}],"inLanguage":"pt-BR"},{"@type":"Organization","@id":"https:\/\/afonte.org.br\/site\/#organization","name":"Funda\u00e7\u00e3o Maria Carvalho Santos","url":"https:\/\/afonte.org.br\/site\/","logo":{"@type":"ImageObject","inLanguage":"pt-BR","@id":"https:\/\/afonte.org.br\/site\/#\/schema\/logo\/image\/","url":"https:\/\/afonte.org.br\/site\/wp-content\/uploads\/2021\/10\/logomarca_fundacao2.fw_.png","contentUrl":"https:\/\/afonte.org.br\/site\/wp-content\/uploads\/2021\/10\/logomarca_fundacao2.fw_.png","width":200,"height":73,"caption":"Funda\u00e7\u00e3o Maria Carvalho Santos"},"image":{"@id":"https:\/\/afonte.org.br\/site\/#\/schema\/logo\/image\/"},"sameAs":["https:\/\/www.facebook.com\/fundacaomariacarvalhosantos\/","https:\/\/x.com\/fundacaomaria","https:\/\/www.instagram.com\/fundacaomariacarvalho\/?hl=pt-br","https:\/\/www.youtube.com\/channel\/UCThs6_9MYv6ms6ciEHDKXrA"]},{"@type":"Person","@id":"https:\/\/afonte.org.br\/site\/#\/schema\/person\/d5464c99acebd87d15901044d6a19b06","name":"rogerbezerra","image":{"@type":"ImageObject","inLanguage":"pt-BR","@id":"https:\/\/afonte.org.br\/site\/#\/schema\/person\/image\/","url":"https:\/\/secure.gravatar.com\/avatar\/3d1043775cda1d91d725491548f9b3a0909638e5fcbd418ee6b285ebfaa2ae59?s=96&d=mm&r=g","contentUrl":"https:\/\/secure.gravatar.com\/avatar\/3d1043775cda1d91d725491548f9b3a0909638e5fcbd418ee6b285ebfaa2ae59?s=96&d=mm&r=g","caption":"rogerbezerra"},"sameAs":["https:\/\/afonte.org.br\/site"],"url":"https:\/\/afonte.org.br\/site\/author\/rogerbezerra\/"}]}},"_links":{"self":[{"href":"https:\/\/afonte.org.br\/site\/wp-json\/wp\/v2\/posts\/769","targetHints":{"allow":["GET"]}}],"collection":[{"href":"https:\/\/afonte.org.br\/site\/wp-json\/wp\/v2\/posts"}],"about":[{"href":"https:\/\/afonte.org.br\/site\/wp-json\/wp\/v2\/types\/post"}],"author":[{"embeddable":true,"href":"https:\/\/afonte.org.br\/site\/wp-json\/wp\/v2\/users\/1"}],"replies":[{"embeddable":true,"href":"https:\/\/afonte.org.br\/site\/wp-json\/wp\/v2\/comments?post=769"}],"version-history":[{"count":1,"href":"https:\/\/afonte.org.br\/site\/wp-json\/wp\/v2\/posts\/769\/revisions"}],"predecessor-version":[{"id":776,"href":"https:\/\/afonte.org.br\/site\/wp-json\/wp\/v2\/posts\/769\/revisions\/776"}],"wp:featuredmedia":[{"embeddable":true,"href":"https:\/\/afonte.org.br\/site\/wp-json\/wp\/v2\/media\/235"}],"wp:attachment":[{"href":"https:\/\/afonte.org.br\/site\/wp-json\/wp\/v2\/media?parent=769"}],"wp:term":[{"taxonomy":"category","embeddable":true,"href":"https:\/\/afonte.org.br\/site\/wp-json\/wp\/v2\/categories?post=769"},{"taxonomy":"post_tag","embeddable":true,"href":"https:\/\/afonte.org.br\/site\/wp-json\/wp\/v2\/tags?post=769"}],"curies":[{"name":"wp","href":"https:\/\/api.w.org\/{rel}","templated":true}]}}